{"id":191719,"date":"2026-01-28T15:22:27","date_gmt":"2026-01-28T21:22:27","guid":{"rendered":"https:\/\/canal7slp.tv\/2026\/?p=191719"},"modified":"2026-01-28T15:22:27","modified_gmt":"2026-01-28T21:22:27","slug":"crisis-de-recoleccion-de-basura-en-cuba-se-convierte-en-un-grave-problema-de-salud-publica","status":"publish","type":"post","link":"https:\/\/canal7slp.tv\/2026\/crisis-de-recoleccion-de-basura-en-cuba-se-convierte-en-un-grave-problema-de-salud-publica\/","title":{"rendered":"Crisis de recolecci\u00f3n de basura en Cuba se convierte en un grave problema de salud p\u00fablica"},"content":{"rendered":"<p style=\"text-align: justify;\">La Habana.- La crisis en la recolecci\u00f3n de basura en Cuba ha alcanzado niveles cr\u00edticos y se ha convertido en un grave problema de salud p\u00fablica, particularmente en zonas densamente pobladas como Centro Habana. Javier, un cubano de 55 a\u00f1os, relata c\u00f3mo debe esquivar montones de desechos que invaden aceras y calles, mientras el olor penetrante le provoca n\u00e1useas.<\/p>\n<p style=\"text-align: justify;\">Hace tres meses, el Gobierno cubano prometi\u00f3 atender la emergencia mediante una campa\u00f1a para eliminar las monta\u00f1as de basura, incluso con la participaci\u00f3n del presidente Miguel D\u00edaz-Canel. No obstante, de acuerdo con testimonios y reportes locales, la situaci\u00f3n no solo persiste, sino que se ha agravado, debido a camiones recolectores averiados y a la escasez de combustible, un problema que se ha intensificado tras la interrupci\u00f3n del suministro de petr\u00f3leo desde Venezuela.<\/p>\n<p style=\"text-align: justify;\">La poblaci\u00f3n expresa su descontento, aunque muchos evitan hacerlo p\u00fablicamente por temor a represalias. Una mujer de edad avanzada, consultada sobre la situaci\u00f3n, se limit\u00f3 a se\u00f1alar que expresar su opini\u00f3n podr\u00eda acarrearle problemas legales. El sacerdote espa\u00f1ol Alberto Sola ha intentado sin \u00e9xito coordinar acciones de limpieza con las autoridades, recibiendo como respuesta reiteradas explicaciones sobre la falta de recursos materiales y humanos.<\/p>\n<p style=\"text-align: justify;\">La acumulaci\u00f3n de basura es solo una manifestaci\u00f3n m\u00e1s de la crisis estructural que atraviesa el pa\u00eds. En los \u00faltimos seis a\u00f1os, Cuba ha registrado una contracci\u00f3n de alrededor del 15% de su Producto Interno Bruto, acompa\u00f1ada de escasez de alimentos y medicinas, inflaci\u00f3n sostenida, migraci\u00f3n masiva y apagones prolongados.<\/p>\n<p style=\"text-align: justify;\">M\u00e1s all\u00e1 del impacto visual y ambiental, la basura se ha convertido en un foco de proliferaci\u00f3n de enfermedades transmitidas por mosquitos, como el dengue y el chikungu\u00f1a. En 2025, el propio Gobierno reconoci\u00f3 una epidemia de estos padecimientos, aunque dej\u00f3 de publicar datos oficiales sobre contagios y fallecimientos. Organismos regionales han alertado sobre decenas de muertes y decenas de miles de personas infectadas.<\/p>\n<p style=\"text-align: justify;\">Estrella Ramos, residente de la zona y afectada por chikungu\u00f1a, subraya la relaci\u00f3n directa entre la acumulaci\u00f3n de desechos y el aumento de enfermedades. Sin embargo, otros vecinos le recomiendan moderar sus declaraciones para evitar problemas con las autoridades.<\/p>\n<p style=\"text-align: justify;\">Como medida de emergencia, el Estado ha recurrido al uso de personas privadas de la libertad para realizar labores de recolecci\u00f3n de basura, aunque las condiciones contin\u00faan siendo precarias y los resultados limitados.<\/p>\n<p style=\"text-align: justify;\">El primer ministro Manuel Marrero reconoci\u00f3 recientemente que las acciones emprendidas por el Gobierno no han dado los resultados esperados, y afirm\u00f3 que tanto la poblaci\u00f3n como las autoridades merecen una soluci\u00f3n eficaz y sostenible a esta crisis.<\/p>\n","protected":false},"excerpt":{"rendered":"<p>La Habana.- La crisis en la recolecci\u00f3n de basura en Cuba ha alcanzado niveles cr\u00edticos y se ha convertido en un grave problema de salud p\u00fablica, particularmente en zonas densamente pobladas como Centro Habana. Javier, un cubano de 55 a\u00f1os, relata c\u00f3mo debe esquivar montones de desechos que invaden aceras y calles, mientras el olor penetrante le provoca n\u00e1useas. Hace tres meses, el Gobierno cubano prometi\u00f3 atender la emergencia mediante una campa\u00f1a para eliminar las monta\u00f1as de basura, incluso con la participaci\u00f3n del presidente Miguel D\u00edaz-Canel. No obstante, de acuerdo con testimonios y reportes locales, la situaci\u00f3n no solo persiste, [&hellip;]<\/p>\n","protected":false},"author":2,"featured_media":191721,"comment_status":"closed","ping_status":"closed","sticky":false,"template":"","format":"standard","meta":{"_monsterinsights_skip_tracking":false,"_monsterinsights_sitenote_active":false,"_monsterinsights_sitenote_note":"","_monsterinsights_sitenote_category":0,"footnotes":""},"categories":[44],"tags":[],"class_list":["post-191719","post","type-post","status-publish","format-standard","has-post-thumbnail","hentry","category-internacional","post--single"],"_links":{"self":[{"href":"https:\/\/canal7slp.tv\/2026\/wp-json\/wp\/v2\/posts\/191719","targetHints":{"allow":["GET"]}}],"collection":[{"href":"https:\/\/canal7slp.tv\/2026\/wp-json\/wp\/v2\/posts"}],"about":[{"href":"https:\/\/canal7slp.tv\/2026\/wp-json\/wp\/v2\/types\/post"}],"author":[{"embeddable":true,"href":"https:\/\/canal7slp.tv\/2026\/wp-json\/wp\/v2\/users\/2"}],"replies":[{"embeddable":true,"href":"https:\/\/canal7slp.tv\/2026\/wp-json\/wp\/v2\/comments?post=191719"}],"version-history":[{"count":1,"href":"https:\/\/canal7slp.tv\/2026\/wp-json\/wp\/v2\/posts\/191719\/revisions"}],"predecessor-version":[{"id":191722,"href":"https:\/\/canal7slp.tv\/2026\/wp-json\/wp\/v2\/posts\/191719\/revisions\/191722"}],"wp:featuredmedia":[{"embeddable":true,"href":"https:\/\/canal7slp.tv\/2026\/wp-json\/wp\/v2\/media\/191721"}],"wp:attachment":[{"href":"https:\/\/canal7slp.tv\/2026\/wp-json\/wp\/v2\/media?parent=191719"}],"wp:term":[{"taxonomy":"category","embeddable":true,"href":"https:\/\/canal7slp.tv\/2026\/wp-json\/wp\/v2\/categories?post=191719"},{"taxonomy":"post_tag","embeddable":true,"href":"https:\/\/canal7slp.tv\/2026\/wp-json\/wp\/v2\/tags?post=191719"}],"curies":[{"name":"wp","href":"https:\/\/api.w.org\/{rel}","templated":true}]}}