{"id":191714,"date":"2026-01-28T15:10:53","date_gmt":"2026-01-28T21:10:53","guid":{"rendered":"https:\/\/canal7slp.tv\/2026\/?p=191714"},"modified":"2026-01-28T15:10:53","modified_gmt":"2026-01-28T21:10:53","slug":"china-y-francia-coordinan-posiciones-sobre-ucrania-venezuela-e-iran","status":"publish","type":"post","link":"https:\/\/canal7slp.tv\/2026\/china-y-francia-coordinan-posiciones-sobre-ucrania-venezuela-e-iran\/","title":{"rendered":"China y Francia coordinan posiciones sobre Ucrania, Venezuela e Ir\u00e1n"},"content":{"rendered":"<p style=\"text-align: justify;\">Pek\u00edn.- China y Francia acordaron coordinar sus posiciones sobre los conflictos en Ucrania, Venezuela e Ir\u00e1n durante una conversaci\u00f3n telef\u00f3nica entre el ministro de Relaciones Exteriores chino, Wang Yi, y Emmanuel Bonne, asesor diplom\u00e1tico del presidente franc\u00e9s Emmanuel Macron, inform\u00f3 la Canciller\u00eda de China.<\/p>\n<p style=\"text-align: justify;\">En el di\u00e1logo, Wang subray\u00f3 que Pek\u00edn y Par\u00eds, como grandes pa\u00edses que defienden la independencia y la autonom\u00eda estrat\u00e9gica, deben intensificar la comunicaci\u00f3n y la coordinaci\u00f3n para aportar estabilidad al entorno internacional y fortalecer el valor estrat\u00e9gico de sus relaciones bilaterales.<\/p>\n<p style=\"text-align: justify;\">El jefe de la diplomacia china tambi\u00e9n reiter\u00f3 que China y Europa son socios y no rivales, destacando m\u00e1s de cinco d\u00e9cadas de cooperaci\u00f3n y la capacidad de ambas partes para manejar sus diferencias comerciales mediante el di\u00e1logo y la concertaci\u00f3n.<\/p>\n<p style=\"text-align: justify;\">Por su parte, Bonne expres\u00f3 que Francia valora la cooperaci\u00f3n estrat\u00e9gica integral con China y est\u00e1 dispuesto a reforzar tanto la coordinaci\u00f3n bilateral como multilateral para abordar desaf\u00edos internacionales y contribuir a la seguridad y la estabilidad globales.<\/p>\n","protected":false},"excerpt":{"rendered":"<p>Pek\u00edn.- China y Francia acordaron coordinar sus posiciones sobre los conflictos en Ucrania, Venezuela e Ir\u00e1n durante una conversaci\u00f3n telef\u00f3nica entre el ministro de Relaciones Exteriores chino, Wang Yi, y Emmanuel Bonne, asesor diplom\u00e1tico del presidente franc\u00e9s Emmanuel Macron, inform\u00f3 la Canciller\u00eda de China. En el di\u00e1logo, Wang subray\u00f3 que Pek\u00edn y Par\u00eds, como grandes pa\u00edses que defienden la independencia y la autonom\u00eda estrat\u00e9gica, deben intensificar la comunicaci\u00f3n y la coordinaci\u00f3n para aportar estabilidad al entorno internacional y fortalecer el valor estrat\u00e9gico de sus relaciones bilaterales. El jefe de la diplomacia china tambi\u00e9n reiter\u00f3 que China y Europa son socios [&hellip;]<\/p>\n","protected":false},"author":2,"featured_media":191715,"comment_status":"closed","ping_status":"closed","sticky":false,"template":"","format":"standard","meta":{"_monsterinsights_skip_tracking":false,"_monsterinsights_sitenote_active":false,"_monsterinsights_sitenote_note":"","_monsterinsights_sitenote_category":0,"footnotes":""},"categories":[44],"tags":[],"class_list":["post-191714","post","type-post","status-publish","format-standard","has-post-thumbnail","hentry","category-internacional","post--single"],"_links":{"self":[{"href":"https:\/\/canal7slp.tv\/2026\/wp-json\/wp\/v2\/posts\/191714","targetHints":{"allow":["GET"]}}],"collection":[{"href":"https:\/\/canal7slp.tv\/2026\/wp-json\/wp\/v2\/posts"}],"about":[{"href":"https:\/\/canal7slp.tv\/2026\/wp-json\/wp\/v2\/types\/post"}],"author":[{"embeddable":true,"href":"https:\/\/canal7slp.tv\/2026\/wp-json\/wp\/v2\/users\/2"}],"replies":[{"embeddable":true,"href":"https:\/\/canal7slp.tv\/2026\/wp-json\/wp\/v2\/comments?post=191714"}],"version-history":[{"count":1,"href":"https:\/\/canal7slp.tv\/2026\/wp-json\/wp\/v2\/posts\/191714\/revisions"}],"predecessor-version":[{"id":191716,"href":"https:\/\/canal7slp.tv\/2026\/wp-json\/wp\/v2\/posts\/191714\/revisions\/191716"}],"wp:featuredmedia":[{"embeddable":true,"href":"https:\/\/canal7slp.tv\/2026\/wp-json\/wp\/v2\/media\/191715"}],"wp:attachment":[{"href":"https:\/\/canal7slp.tv\/2026\/wp-json\/wp\/v2\/media?parent=191714"}],"wp:term":[{"taxonomy":"category","embeddable":true,"href":"https:\/\/canal7slp.tv\/2026\/wp-json\/wp\/v2\/categories?post=191714"},{"taxonomy":"post_tag","embeddable":true,"href":"https:\/\/canal7slp.tv\/2026\/wp-json\/wp\/v2\/tags?post=191714"}],"curies":[{"name":"wp","href":"https:\/\/api.w.org\/{rel}","templated":true}]}}