{"id":191677,"date":"2026-01-28T13:22:04","date_gmt":"2026-01-28T19:22:04","guid":{"rendered":"https:\/\/canal7slp.tv\/2026\/?p=191677"},"modified":"2026-01-28T14:40:55","modified_gmt":"2026-01-28T20:40:55","slug":"fgr-acusa-al-jefe-del-tren-interoceanico-por-homicidio-y-lesiones-culposas","status":"publish","type":"post","link":"https:\/\/canal7slp.tv\/2026\/fgr-acusa-al-jefe-del-tren-interoceanico-por-homicidio-y-lesiones-culposas\/","title":{"rendered":"FGR acusa al jefe del Tren Interoce\u00e1nico por homicidio y lesiones culposas"},"content":{"rendered":"<p style=\"text-align: justify;\">M\u00e9xico.- Ferrocarrileros de Oaxaca informaron que Felipe de Jes\u00fas \u201cN\u201d, jefe del Tren Interoce\u00e1nico de pasajeros que descarril\u00f3 el pasado 28 de diciembre en el Istmo de Tehuantepec, fue detenido en el estado de Chiapas por elementos de la Polic\u00eda Federal Ministerial.<\/p>\n<p style=\"text-align: justify;\">La titular de la Fiscal\u00eda General de la Rep\u00fablica (FGR), Ernestina Godoy Ramos, detall\u00f3 que los peritajes realizados establecieron que la velocidad m\u00e1xima permitida en el tramo del accidente era de 50 kil\u00f3metros por hora, sin embargo, el tren circulaba a 65 km\/h al momento del percance. A\u00f1adi\u00f3 que el maquinista aceler\u00f3 de manera considerable antes de llegar al punto donde ocurri\u00f3 el descarrilamiento.<\/p>\n<p style=\"text-align: justify;\">Con base en estos elementos, la Fiscal\u00eda determin\u00f3 ejercer acci\u00f3n penal por la probable comisi\u00f3n de los delitos de homicidio culposo y lesiones culposas, tras concluir las diligencias correspondientes.<\/p>\n<p style=\"text-align: justify;\">El Tren Interoce\u00e1nico de pasajeros, que inici\u00f3 operaciones en diciembre de 2023, descarril\u00f3 la ma\u00f1ana del 28 de diciembre de 2025 en las inmediaciones de la comunidad de Nizanda, en Oaxaca, poco despu\u00e9s de salir de la estaci\u00f3n de Salina Cruz con destino a Coatzacoalcos, Veracruz. En la unidad viajaban 241 pasajeros y nueve integrantes de la tripulaci\u00f3n.<\/p>\n","protected":false},"excerpt":{"rendered":"<p>M\u00e9xico.- Ferrocarrileros de Oaxaca informaron que Felipe de Jes\u00fas \u201cN\u201d, jefe del Tren Interoce\u00e1nico de pasajeros que descarril\u00f3 el pasado 28 de diciembre en el Istmo de Tehuantepec, fue detenido en el estado de Chiapas por elementos de la Polic\u00eda Federal Ministerial. La titular de la Fiscal\u00eda General de la Rep\u00fablica (FGR), Ernestina Godoy Ramos, detall\u00f3 que los peritajes realizados establecieron que la velocidad m\u00e1xima permitida en el tramo del accidente era de 50 kil\u00f3metros por hora, sin embargo, el tren circulaba a 65 km\/h al momento del percance. A\u00f1adi\u00f3 que el maquinista aceler\u00f3 de manera considerable antes de llegar [&hellip;]<\/p>\n","protected":false},"author":2,"featured_media":191678,"comment_status":"closed","ping_status":"closed","sticky":false,"template":"","format":"standard","meta":{"_monsterinsights_skip_tracking":false,"_monsterinsights_sitenote_active":false,"_monsterinsights_sitenote_note":"","_monsterinsights_sitenote_category":0,"footnotes":""},"categories":[46],"tags":[],"class_list":["post-191677","post","type-post","status-publish","format-standard","has-post-thumbnail","hentry","category-nacional","post--single"],"_links":{"self":[{"href":"https:\/\/canal7slp.tv\/2026\/wp-json\/wp\/v2\/posts\/191677","targetHints":{"allow":["GET"]}}],"collection":[{"href":"https:\/\/canal7slp.tv\/2026\/wp-json\/wp\/v2\/posts"}],"about":[{"href":"https:\/\/canal7slp.tv\/2026\/wp-json\/wp\/v2\/types\/post"}],"author":[{"embeddable":true,"href":"https:\/\/canal7slp.tv\/2026\/wp-json\/wp\/v2\/users\/2"}],"replies":[{"embeddable":true,"href":"https:\/\/canal7slp.tv\/2026\/wp-json\/wp\/v2\/comments?post=191677"}],"version-history":[{"count":1,"href":"https:\/\/canal7slp.tv\/2026\/wp-json\/wp\/v2\/posts\/191677\/revisions"}],"predecessor-version":[{"id":191679,"href":"https:\/\/canal7slp.tv\/2026\/wp-json\/wp\/v2\/posts\/191677\/revisions\/191679"}],"wp:featuredmedia":[{"embeddable":true,"href":"https:\/\/canal7slp.tv\/2026\/wp-json\/wp\/v2\/media\/191678"}],"wp:attachment":[{"href":"https:\/\/canal7slp.tv\/2026\/wp-json\/wp\/v2\/media?parent=191677"}],"wp:term":[{"taxonomy":"category","embeddable":true,"href":"https:\/\/canal7slp.tv\/2026\/wp-json\/wp\/v2\/categories?post=191677"},{"taxonomy":"post_tag","embeddable":true,"href":"https:\/\/canal7slp.tv\/2026\/wp-json\/wp\/v2\/tags?post=191677"}],"curies":[{"name":"wp","href":"https:\/\/api.w.org\/{rel}","templated":true}]}}