{"id":191640,"date":"2026-01-27T19:15:22","date_gmt":"2026-01-28T01:15:22","guid":{"rendered":"https:\/\/canal7slp.tv\/2026\/?p=191640"},"modified":"2026-01-27T19:15:22","modified_gmt":"2026-01-28T01:15:22","slug":"municipio-capitalino-retirara-palapas-en-mal-estado-en-el-parque-de-morales","status":"publish","type":"post","link":"https:\/\/canal7slp.tv\/2026\/municipio-capitalino-retirara-palapas-en-mal-estado-en-el-parque-de-morales\/","title":{"rendered":"Municipio capitalino retirar\u00e1 palapas en mal estado en el Parque de Morales"},"content":{"rendered":"<p style=\"text-align: justify;\"><span style=\"font-size: 1.21429rem;\">SLP.- Derivado del incidente en donde un menor result\u00f3 lesionado al carle encima el techo de una palapa en mal estado cuando jugaba al interior del parque de Morales, el director de Protecci\u00f3n Civil Municipal, Alejandro Polanco, dio a conocer que la mayor\u00eda de ellas ser\u00e1n demolidas.<\/span><\/p>\n<p style=\"text-align: justify;\">Al afirmar que las lesiones del menor afortunadamente no fueron de consideraci\u00f3n se\u00f1al\u00f3 que hicieron un recorrido de supervisi\u00f3n por este lugar.<\/p>\n<p style=\"text-align: justify;\">El funcionario municipal reiter\u00f3 que del total de las 12 palapas que se ubican en este parque de Morales, diez de ellas ser\u00e1n demolidas para evitar riesgos.<\/p>\n<p style=\"text-align: justify;\">Indic\u00f3 que de las otras dos restantes se har\u00e1 un estudio m\u00e1s a fondo para determinar su permanencia \u00f3 no pero siempre tomando las medidas necesarias de seguridad en este lugar.<\/p>\n<p>Por: Claudio Ibarra<\/p>\n","protected":false},"excerpt":{"rendered":"<p>SLP.- Derivado del incidente en donde un menor result\u00f3 lesionado al carle encima el techo de una palapa en mal estado cuando jugaba al interior del parque de Morales, el director de Protecci\u00f3n Civil Municipal, Alejandro Polanco, dio a conocer que la mayor\u00eda de ellas ser\u00e1n demolidas. Al afirmar que las lesiones del menor afortunadamente no fueron de consideraci\u00f3n se\u00f1al\u00f3 que hicieron un recorrido de supervisi\u00f3n por este lugar. El funcionario municipal reiter\u00f3 que del total de las 12 palapas que se ubican en este parque de Morales, diez de ellas ser\u00e1n demolidas para evitar riesgos. Indic\u00f3 que de las [&hellip;]<\/p>\n","protected":false},"author":2,"featured_media":191661,"comment_status":"closed","ping_status":"closed","sticky":false,"template":"","format":"video","meta":{"_monsterinsights_skip_tracking":false,"_monsterinsights_sitenote_active":false,"_monsterinsights_sitenote_note":"","_monsterinsights_sitenote_category":0,"footnotes":""},"categories":[66,5,45],"tags":[],"class_list":["post-191640","post","type-post","status-publish","format-video","has-post-thumbnail","hentry","category-ayoslp","category-destacadas","category-localesyregionales","post_format-post-format-video","post--single"],"_links":{"self":[{"href":"https:\/\/canal7slp.tv\/2026\/wp-json\/wp\/v2\/posts\/191640","targetHints":{"allow":["GET"]}}],"collection":[{"href":"https:\/\/canal7slp.tv\/2026\/wp-json\/wp\/v2\/posts"}],"about":[{"href":"https:\/\/canal7slp.tv\/2026\/wp-json\/wp\/v2\/types\/post"}],"author":[{"embeddable":true,"href":"https:\/\/canal7slp.tv\/2026\/wp-json\/wp\/v2\/users\/2"}],"replies":[{"embeddable":true,"href":"https:\/\/canal7slp.tv\/2026\/wp-json\/wp\/v2\/comments?post=191640"}],"version-history":[{"count":3,"href":"https:\/\/canal7slp.tv\/2026\/wp-json\/wp\/v2\/posts\/191640\/revisions"}],"predecessor-version":[{"id":191663,"href":"https:\/\/canal7slp.tv\/2026\/wp-json\/wp\/v2\/posts\/191640\/revisions\/191663"}],"wp:featuredmedia":[{"embeddable":true,"href":"https:\/\/canal7slp.tv\/2026\/wp-json\/wp\/v2\/media\/191661"}],"wp:attachment":[{"href":"https:\/\/canal7slp.tv\/2026\/wp-json\/wp\/v2\/media?parent=191640"}],"wp:term":[{"taxonomy":"category","embeddable":true,"href":"https:\/\/canal7slp.tv\/2026\/wp-json\/wp\/v2\/categories?post=191640"},{"taxonomy":"post_tag","embeddable":true,"href":"https:\/\/canal7slp.tv\/2026\/wp-json\/wp\/v2\/tags?post=191640"}],"curies":[{"name":"wp","href":"https:\/\/api.w.org\/{rel}","templated":true}]}}