{"id":191637,"date":"2026-01-27T18:40:12","date_gmt":"2026-01-28T00:40:12","guid":{"rendered":"https:\/\/canal7slp.tv\/2026\/?p=191637"},"modified":"2026-01-27T18:40:12","modified_gmt":"2026-01-28T00:40:12","slug":"arranca-construccion-de-parque-urbano-en-la-colonia-21-de-marzo","status":"publish","type":"post","link":"https:\/\/canal7slp.tv\/2026\/arranca-construccion-de-parque-urbano-en-la-colonia-21-de-marzo\/","title":{"rendered":"Arranca construcci\u00f3n de Parque Urbano en la colonia 21 de Marzo"},"content":{"rendered":"<p style=\"text-align: justify;\"><span style=\"font-size: 1.21429rem;\">SGS.- Con una inversi\u00f3n de 9 millones 300 mil pesos el alcalde de Soledad de Graciano S\u00e1nchez dio el banderazo de arranque para la construcci\u00f3n de un Parque Urbano, en la colonia 21 de Marzo.<\/span><\/p>\n<p style=\"text-align: justify;\">Se destac\u00f3 que esta obra beneficiar\u00e1 a m\u00e1s de 14 mil habitantes de este sector al rescatar un espacio abandonado y sin uso social.<\/p>\n<p style=\"text-align: justify;\">Este parque incluir\u00e1 diversas \u00e1reas para la convivencia como canchas de futbol, cancha deportiva multiusos, \u00e1rea para mascotas, trotapista y \u00e1reas de descanso.<\/p>\n<p style=\"text-align: justify;\">En su mensaje, el alcalde soledense afirm\u00f3 que este lugar ser\u00e1 ahora un espacio para ni\u00f1os, j\u00f3venes y adultos al que podr\u00e1n acudir, para desarrollar diversas actividades recreativas.<\/p>\n<p>Por: Claudio Ibarra<\/p>\n","protected":false},"excerpt":{"rendered":"<p>SGS.- Con una inversi\u00f3n de 9 millones 300 mil pesos el alcalde de Soledad de Graciano S\u00e1nchez dio el banderazo de arranque para la construcci\u00f3n de un Parque Urbano, en la colonia 21 de Marzo. Se destac\u00f3 que esta obra beneficiar\u00e1 a m\u00e1s de 14 mil habitantes de este sector al rescatar un espacio abandonado y sin uso social. Este parque incluir\u00e1 diversas \u00e1reas para la convivencia como canchas de futbol, cancha deportiva multiusos, \u00e1rea para mascotas, trotapista y \u00e1reas de descanso. En su mensaje, el alcalde soledense afirm\u00f3 que este lugar ser\u00e1 ahora un espacio para ni\u00f1os, j\u00f3venes y [&hellip;]<\/p>\n","protected":false},"author":2,"featured_media":191651,"comment_status":"closed","ping_status":"closed","sticky":false,"template":"","format":"video","meta":{"_monsterinsights_skip_tracking":false,"_monsterinsights_sitenote_active":false,"_monsterinsights_sitenote_note":"","_monsterinsights_sitenote_category":0,"footnotes":""},"categories":[512,5,45],"tags":[],"class_list":["post-191637","post","type-post","status-publish","format-video","has-post-thumbnail","hentry","category-ayosgs","category-destacadas","category-localesyregionales","post_format-post-format-video","post--single"],"_links":{"self":[{"href":"https:\/\/canal7slp.tv\/2026\/wp-json\/wp\/v2\/posts\/191637","targetHints":{"allow":["GET"]}}],"collection":[{"href":"https:\/\/canal7slp.tv\/2026\/wp-json\/wp\/v2\/posts"}],"about":[{"href":"https:\/\/canal7slp.tv\/2026\/wp-json\/wp\/v2\/types\/post"}],"author":[{"embeddable":true,"href":"https:\/\/canal7slp.tv\/2026\/wp-json\/wp\/v2\/users\/2"}],"replies":[{"embeddable":true,"href":"https:\/\/canal7slp.tv\/2026\/wp-json\/wp\/v2\/comments?post=191637"}],"version-history":[{"count":2,"href":"https:\/\/canal7slp.tv\/2026\/wp-json\/wp\/v2\/posts\/191637\/revisions"}],"predecessor-version":[{"id":191652,"href":"https:\/\/canal7slp.tv\/2026\/wp-json\/wp\/v2\/posts\/191637\/revisions\/191652"}],"wp:featuredmedia":[{"embeddable":true,"href":"https:\/\/canal7slp.tv\/2026\/wp-json\/wp\/v2\/media\/191651"}],"wp:attachment":[{"href":"https:\/\/canal7slp.tv\/2026\/wp-json\/wp\/v2\/media?parent=191637"}],"wp:term":[{"taxonomy":"category","embeddable":true,"href":"https:\/\/canal7slp.tv\/2026\/wp-json\/wp\/v2\/categories?post=191637"},{"taxonomy":"post_tag","embeddable":true,"href":"https:\/\/canal7slp.tv\/2026\/wp-json\/wp\/v2\/tags?post=191637"}],"curies":[{"name":"wp","href":"https:\/\/api.w.org\/{rel}","templated":true}]}}