{"id":191609,"date":"2026-01-27T16:47:40","date_gmt":"2026-01-27T22:47:40","guid":{"rendered":"https:\/\/canal7slp.tv\/2026\/?p=191609"},"modified":"2026-01-27T17:19:49","modified_gmt":"2026-01-27T23:19:49","slug":"detienen-a-el-seven-presunto-lider-de-la-familia-michoacana","status":"publish","type":"post","link":"https:\/\/canal7slp.tv\/2026\/detienen-a-el-seven-presunto-lider-de-la-familia-michoacana\/","title":{"rendered":"Detienen a \u201cEl Seven\u201d, presunto l\u00edder de La Familia Michoacana"},"content":{"rendered":"<p style=\"text-align: justify;\">Ciudad de M\u00e9xico.- Autoridades de la Fiscal\u00eda General de Justicia y de la Polic\u00eda de Investigaci\u00f3n de la Ciudad de M\u00e9xico detuvieron este martes a Juan \u201cN\u201d, alias \u201cEl Seven\u201d, identificado como presunto l\u00edder de una facci\u00f3n de la organizaci\u00f3n criminal La Familia Michoacana.<\/p>\n<p style=\"text-align: justify;\">El sujeto contaba con una orden de reaprehensi\u00f3n y fue detenido en un inmueble ubicado en el municipio de Amecameca de Ju\u00e1rez, acusado por su probable responsabilidad en el delito de homicidio calificado en grado de tentativa.<\/p>\n<p style=\"text-align: justify;\">De acuerdo con las autoridades, La Familia Michoacana es uno de los seis c\u00e1rteles mexicanos designados por Estados Unidos como organizaciones terroristas extranjeras el a\u00f1o pasado. Esta organizaci\u00f3n tiene presencia principalmente en Michoac\u00e1n, una de las regiones m\u00e1s afectadas por la violencia del crimen organizado.<\/p>\n<p style=\"text-align: justify;\">Tras su captura, Juan \u201cN\u201d fue trasladado al Reclusorio Preventivo Varonil Sur, donde quedar\u00e1 a disposici\u00f3n de un juez, quien definir\u00e1 su situaci\u00f3n jur\u00eddica.<\/p>\n<p style=\"text-align: justify;\">Las investigaciones se\u00f1alan que \u201cEl Seven\u201d estar\u00eda vinculado con la comisi\u00f3n de delitos de alto impacto en la Ciudad de M\u00e9xico, as\u00ed como en los estados de M\u00e9xico y Morelos.<\/p>\n","protected":false},"excerpt":{"rendered":"<p>Ciudad de M\u00e9xico.- Autoridades de la Fiscal\u00eda General de Justicia y de la Polic\u00eda de Investigaci\u00f3n de la Ciudad de M\u00e9xico detuvieron este martes a Juan \u201cN\u201d, alias \u201cEl Seven\u201d, identificado como presunto l\u00edder de una facci\u00f3n de la organizaci\u00f3n criminal La Familia Michoacana. El sujeto contaba con una orden de reaprehensi\u00f3n y fue detenido en un inmueble ubicado en el municipio de Amecameca de Ju\u00e1rez, acusado por su probable responsabilidad en el delito de homicidio calificado en grado de tentativa. De acuerdo con las autoridades, La Familia Michoacana es uno de los seis c\u00e1rteles mexicanos designados por Estados Unidos [&hellip;]<\/p>\n","protected":false},"author":2,"featured_media":191610,"comment_status":"closed","ping_status":"closed","sticky":false,"template":"","format":"standard","meta":{"_monsterinsights_skip_tracking":false,"_monsterinsights_sitenote_active":false,"_monsterinsights_sitenote_note":"","_monsterinsights_sitenote_category":0,"footnotes":""},"categories":[46],"tags":[],"class_list":["post-191609","post","type-post","status-publish","format-standard","has-post-thumbnail","hentry","category-nacional","post--single"],"_links":{"self":[{"href":"https:\/\/canal7slp.tv\/2026\/wp-json\/wp\/v2\/posts\/191609","targetHints":{"allow":["GET"]}}],"collection":[{"href":"https:\/\/canal7slp.tv\/2026\/wp-json\/wp\/v2\/posts"}],"about":[{"href":"https:\/\/canal7slp.tv\/2026\/wp-json\/wp\/v2\/types\/post"}],"author":[{"embeddable":true,"href":"https:\/\/canal7slp.tv\/2026\/wp-json\/wp\/v2\/users\/2"}],"replies":[{"embeddable":true,"href":"https:\/\/canal7slp.tv\/2026\/wp-json\/wp\/v2\/comments?post=191609"}],"version-history":[{"count":1,"href":"https:\/\/canal7slp.tv\/2026\/wp-json\/wp\/v2\/posts\/191609\/revisions"}],"predecessor-version":[{"id":191611,"href":"https:\/\/canal7slp.tv\/2026\/wp-json\/wp\/v2\/posts\/191609\/revisions\/191611"}],"wp:featuredmedia":[{"embeddable":true,"href":"https:\/\/canal7slp.tv\/2026\/wp-json\/wp\/v2\/media\/191610"}],"wp:attachment":[{"href":"https:\/\/canal7slp.tv\/2026\/wp-json\/wp\/v2\/media?parent=191609"}],"wp:term":[{"taxonomy":"category","embeddable":true,"href":"https:\/\/canal7slp.tv\/2026\/wp-json\/wp\/v2\/categories?post=191609"},{"taxonomy":"post_tag","embeddable":true,"href":"https:\/\/canal7slp.tv\/2026\/wp-json\/wp\/v2\/tags?post=191609"}],"curies":[{"name":"wp","href":"https:\/\/api.w.org\/{rel}","templated":true}]}}