{"id":191577,"date":"2026-01-27T13:59:35","date_gmt":"2026-01-27T19:59:35","guid":{"rendered":"https:\/\/canal7slp.tv\/2026\/?p=191577"},"modified":"2026-01-27T13:59:35","modified_gmt":"2026-01-27T19:59:35","slug":"trump-anuncia-que-supervisara-investigacion-por-muerte-de-alex-pretti","status":"publish","type":"post","link":"https:\/\/canal7slp.tv\/2026\/trump-anuncia-que-supervisara-investigacion-por-muerte-de-alex-pretti\/","title":{"rendered":"Trump anuncia que supervisar\u00e1 investigaci\u00f3n por muerte de Alex Pretti"},"content":{"rendered":"<p style=\"text-align: justify;\">EEUU.- Tras la muerte de Alex Pretti, un ciudadano estadounidense que falleci\u00f3 a manos de agentes de migraci\u00f3n durante las protestas registradas en Minneapolis, el presidente de Estados Unidos, Donald Trump, anunci\u00f3 que supervisar\u00e1 personalmente una \u00abgran investigaci\u00f3n\u00bb para esclarecer lo ocurrido.<\/p>\n<p style=\"text-align: justify;\">El caso de Pretti, junto con otros incidentes reportados en las \u00faltimas semanas, gener\u00f3 una fuerte indignaci\u00f3n a nivel nacional y llev\u00f3 a la Casa Blanca a moderar su agresiva campa\u00f1a de redadas migratorias en la ciudad.<\/p>\n<p style=\"text-align: justify;\">La muerte de Pretti, quien sin ofrecer resistencia violenta fue asaltado por varios agentes que le dispararon por la espalda tras desarmarlo, provoc\u00f3 una gran presi\u00f3n sobre la Casa Blanca por su operativo militarizado en Minneapolis.<\/p>\n<p style=\"text-align: justify;\">Cabe se\u00f1alar que la muerte de Pretti fue la segunda de un ciudadano de Minneapolis a manos de agentes federales de inmigraci\u00f3n en menos de tres semanas, despu\u00e9s del fallecimiento de Ren\u00e9e Good el 7 de enero durante otro operativo del Servicio de Control de Inmigraci\u00f3n y Aduanas (ICE).<\/p>\n","protected":false},"excerpt":{"rendered":"<p>EEUU.- Tras la muerte de Alex Pretti, un ciudadano estadounidense que falleci\u00f3 a manos de agentes de migraci\u00f3n durante las protestas registradas en Minneapolis, el presidente de Estados Unidos, Donald Trump, anunci\u00f3 que supervisar\u00e1 personalmente una \u00abgran investigaci\u00f3n\u00bb para esclarecer lo ocurrido. El caso de Pretti, junto con otros incidentes reportados en las \u00faltimas semanas, gener\u00f3 una fuerte indignaci\u00f3n a nivel nacional y llev\u00f3 a la Casa Blanca a moderar su agresiva campa\u00f1a de redadas migratorias en la ciudad. La muerte de Pretti, quien sin ofrecer resistencia violenta fue asaltado por varios agentes que le dispararon por la espalda tras [&hellip;]<\/p>\n","protected":false},"author":2,"featured_media":191578,"comment_status":"closed","ping_status":"closed","sticky":false,"template":"","format":"standard","meta":{"_monsterinsights_skip_tracking":false,"_monsterinsights_sitenote_active":false,"_monsterinsights_sitenote_note":"","_monsterinsights_sitenote_category":0,"footnotes":""},"categories":[44],"tags":[],"class_list":["post-191577","post","type-post","status-publish","format-standard","has-post-thumbnail","hentry","category-internacional","post--single"],"_links":{"self":[{"href":"https:\/\/canal7slp.tv\/2026\/wp-json\/wp\/v2\/posts\/191577","targetHints":{"allow":["GET"]}}],"collection":[{"href":"https:\/\/canal7slp.tv\/2026\/wp-json\/wp\/v2\/posts"}],"about":[{"href":"https:\/\/canal7slp.tv\/2026\/wp-json\/wp\/v2\/types\/post"}],"author":[{"embeddable":true,"href":"https:\/\/canal7slp.tv\/2026\/wp-json\/wp\/v2\/users\/2"}],"replies":[{"embeddable":true,"href":"https:\/\/canal7slp.tv\/2026\/wp-json\/wp\/v2\/comments?post=191577"}],"version-history":[{"count":1,"href":"https:\/\/canal7slp.tv\/2026\/wp-json\/wp\/v2\/posts\/191577\/revisions"}],"predecessor-version":[{"id":191579,"href":"https:\/\/canal7slp.tv\/2026\/wp-json\/wp\/v2\/posts\/191577\/revisions\/191579"}],"wp:featuredmedia":[{"embeddable":true,"href":"https:\/\/canal7slp.tv\/2026\/wp-json\/wp\/v2\/media\/191578"}],"wp:attachment":[{"href":"https:\/\/canal7slp.tv\/2026\/wp-json\/wp\/v2\/media?parent=191577"}],"wp:term":[{"taxonomy":"category","embeddable":true,"href":"https:\/\/canal7slp.tv\/2026\/wp-json\/wp\/v2\/categories?post=191577"},{"taxonomy":"post_tag","embeddable":true,"href":"https:\/\/canal7slp.tv\/2026\/wp-json\/wp\/v2\/tags?post=191577"}],"curies":[{"name":"wp","href":"https:\/\/api.w.org\/{rel}","templated":true}]}}