{"id":191515,"date":"2026-01-26T18:36:49","date_gmt":"2026-01-27T00:36:49","guid":{"rendered":"https:\/\/canal7slp.tv\/2026\/?p=191515"},"modified":"2026-01-26T18:36:49","modified_gmt":"2026-01-27T00:36:49","slug":"abierto-proceso-de-admision-2026-a-la-uaslp","status":"publish","type":"post","link":"https:\/\/canal7slp.tv\/2026\/abierto-proceso-de-admision-2026-a-la-uaslp\/","title":{"rendered":"Abierto, proceso de admisi\u00f3n 2026 a la UASLP"},"content":{"rendered":"<p style=\"text-align: justify;\"><span style=\"font-size: 1.21429rem;\">SLP.- La Universidad Aut\u00f3noma de San Luis Potos\u00ed dio a conocer la apertura del registro para aspirantes que deseen participar en el Proceso de Admisi\u00f3n 2026-2027, por el rector Alejandro Javier Zerme\u00f1o Guerra.<\/span><\/p>\n<p style=\"text-align: justify;\">\u201cLa demanda real del 2025 fue de 14 mil 791 alumnos y estamos proyectando para el 2026 aproximadamente unos 15 mil 500 alumnos\u201d.<\/p>\n<p style=\"text-align: justify;\">El proceso de inscripci\u00f3n arranc\u00f3 el d\u00eda 19 de enero y culminar\u00e1 el d\u00eda 31 de mayo. Del total de alumnos preinscritos, solo 7 mil 200 ingresar\u00e1n.<\/p>\n<p style=\"text-align: justify;\">La titular de la Secretar\u00eda de Servicios Escolares de la m\u00e1xima casa de estudios local, Claudia Gonz\u00e1lez Acevedo, record\u00f3 los documentos a presentar.<\/p>\n<p style=\"text-align: justify;\">\u201cSu CURP, la Clave \u00danica que la puedan estar llevando a cabo a meterlo en un PDF, el acta de nacimiento, un comprobante de domicilio de preferencia de los \u00faltimos tres meses, el comprobante de estudios de bachillerato y lo que ser\u00eda una fotograf\u00eda digital\u201d.<\/p>\n<p style=\"text-align: justify;\">Dos carreras arrancar\u00e1n durante el ciclo 2026-2027.<\/p>\n<p style=\"text-align: justify;\">\u201cTraemos dos de las carreras que se van a abrir este a\u00f1o; la de la Licenciatura en Administraci\u00f3n en Tecnolog\u00edas Empresariales y la de Producci\u00f3n Audiovisual Multiplataforma\u201d.<\/p>\n<p style=\"text-align: justify;\">En cinco a\u00f1os, han aperturado 10 carreras y actualizado 98 planes curriculares dentro de la Universidad Aut\u00f3noma.<\/p>\n<p style=\"text-align: justify;\">Uno de los cambios m\u00e1s relevantes para este ciclo es la aplicaci\u00f3n del examen de conocimientos y el examen psicom\u00e9trico que ser\u00e1n el 3 de julio, a las ocho de la ma\u00f1ana el de conocimientos y el psicom\u00e9trico a la una de la tarde en los salones de la entidad en la que deseen estudiar.<\/p>\n<p style=\"text-align: justify;\">Las autoridades insistieron en la importancia de consultar el apartado de preguntas frecuentes dentro del sitio web, donde se resuelven la mayor\u00eda de las dudas comunes el cual es aspirantes.uaslp.mx\/PreguntasFrecuentes.<\/p>\n<p style=\"text-align: justify;\">Por: Juan Carlos Contreras<\/p>\n","protected":false},"excerpt":{"rendered":"<p>SLP.- La Universidad Aut\u00f3noma de San Luis Potos\u00ed dio a conocer la apertura del registro para aspirantes que deseen participar en el Proceso de Admisi\u00f3n 2026-2027, por el rector Alejandro Javier Zerme\u00f1o Guerra. \u201cLa demanda real del 2025 fue de 14 mil 791 alumnos y estamos proyectando para el 2026 aproximadamente unos 15 mil 500 alumnos\u201d. El proceso de inscripci\u00f3n arranc\u00f3 el d\u00eda 19 de enero y culminar\u00e1 el d\u00eda 31 de mayo. Del total de alumnos preinscritos, solo 7 mil 200 ingresar\u00e1n. La titular de la Secretar\u00eda de Servicios Escolares de la m\u00e1xima casa de estudios local, Claudia Gonz\u00e1lez [&hellip;]<\/p>\n","protected":false},"author":2,"featured_media":191530,"comment_status":"closed","ping_status":"closed","sticky":false,"template":"","format":"video","meta":{"_monsterinsights_skip_tracking":false,"_monsterinsights_sitenote_active":false,"_monsterinsights_sitenote_note":"","_monsterinsights_sitenote_category":0,"footnotes":""},"categories":[5,45,46],"tags":[],"class_list":["post-191515","post","type-post","status-publish","format-video","has-post-thumbnail","hentry","category-destacadas","category-localesyregionales","category-nacional","post_format-post-format-video","post--single"],"_links":{"self":[{"href":"https:\/\/canal7slp.tv\/2026\/wp-json\/wp\/v2\/posts\/191515","targetHints":{"allow":["GET"]}}],"collection":[{"href":"https:\/\/canal7slp.tv\/2026\/wp-json\/wp\/v2\/posts"}],"about":[{"href":"https:\/\/canal7slp.tv\/2026\/wp-json\/wp\/v2\/types\/post"}],"author":[{"embeddable":true,"href":"https:\/\/canal7slp.tv\/2026\/wp-json\/wp\/v2\/users\/2"}],"replies":[{"embeddable":true,"href":"https:\/\/canal7slp.tv\/2026\/wp-json\/wp\/v2\/comments?post=191515"}],"version-history":[{"count":2,"href":"https:\/\/canal7slp.tv\/2026\/wp-json\/wp\/v2\/posts\/191515\/revisions"}],"predecessor-version":[{"id":191531,"href":"https:\/\/canal7slp.tv\/2026\/wp-json\/wp\/v2\/posts\/191515\/revisions\/191531"}],"wp:featuredmedia":[{"embeddable":true,"href":"https:\/\/canal7slp.tv\/2026\/wp-json\/wp\/v2\/media\/191530"}],"wp:attachment":[{"href":"https:\/\/canal7slp.tv\/2026\/wp-json\/wp\/v2\/media?parent=191515"}],"wp:term":[{"taxonomy":"category","embeddable":true,"href":"https:\/\/canal7slp.tv\/2026\/wp-json\/wp\/v2\/categories?post=191515"},{"taxonomy":"post_tag","embeddable":true,"href":"https:\/\/canal7slp.tv\/2026\/wp-json\/wp\/v2\/tags?post=191515"}],"curies":[{"name":"wp","href":"https:\/\/api.w.org\/{rel}","templated":true}]}}