{"id":191473,"date":"2026-01-26T14:05:03","date_gmt":"2026-01-26T20:05:03","guid":{"rendered":"https:\/\/canal7slp.tv\/2026\/?p=191473"},"modified":"2026-01-26T15:01:27","modified_gmt":"2026-01-26T21:01:27","slug":"crisis-energetica-en-cuba-deja-deficit-historico-de-casi-2000-mw-y-deja-a-mas-del-61-de-la-isla-sin-luz","status":"publish","type":"post","link":"https:\/\/canal7slp.tv\/2026\/crisis-energetica-en-cuba-deja-deficit-historico-de-casi-2000-mw-y-deja-a-mas-del-61-de-la-isla-sin-luz\/","title":{"rendered":"Crisis energ\u00e9tica en Cuba deja d\u00e9ficit hist\u00f3rico de casi 2,000 MW y deja a m\u00e1s del 61% de la isla sin luz"},"content":{"rendered":"<p style=\"text-align: justify;\">La Habana.- Cuba enfrentar\u00e1 apagones prolongados este lunes, con cortes de electricidad que podr\u00edan afectar a m\u00e1s del 61% del territorio nacional durante el horario de mayor demanda, de acuerdo con la estatal Uni\u00f3n El\u00e9ctrica (UNE).<\/p>\n<p style=\"text-align: justify;\">Seg\u00fan el organismo, la crisis energ\u00e9tica se ha profundizado desde mediados de 2024, principalmente por la escasez de divisas para la compra de combustible y por las constantes fallas en las centrales termoel\u00e9ctricas, muchas de las cuales operan desde hace varias d\u00e9cadas.<\/p>\n<p style=\"text-align: justify;\">La situaci\u00f3n se agrav\u00f3 tras la interrupci\u00f3n del suministro de crudo venezolano, lo que ha incrementado los apagones y provocado largas filas en las gasolineras. Para la tarde-noche de este lunes, se estima una capacidad de generaci\u00f3n de 1,293 megavatios (MW) frente a una demanda m\u00e1xima de 3,250 MW, lo que deja un d\u00e9ficit de 1,957 MW. La UNE prev\u00e9 desconectar hasta 1,987 MW para evitar fallas desordenadas en el sistema.<\/p>\n<p style=\"text-align: justify;\">Actualmente, nueve de las 16 unidades termoel\u00e9ctricas del pa\u00eds se encuentran fuera de servicio por mantenimiento o aver\u00edas, lo que equivale a cerca del 40% de la capacidad instalada. Aunque la UNE ya no informa sobre el n\u00famero de motores de generaci\u00f3n distribuida inoperantes por falta de combustible, fuentes del sector estiman que la cifra ha aumentado de forma significativa.<\/p>\n<p style=\"text-align: justify;\">Expertos independientes atribuyen la crisis a una infrafinanciaci\u00f3n cr\u00f3nica del sistema el\u00e9ctrico, completamente estatal desde 1959, y calculan que ser\u00edan necesarios entre 8,000 y 10,000 millones de d\u00f3lares para su rehabilitaci\u00f3n. El Gobierno cubano, en contraste, responsabiliza a las sanciones de Estados Unidos, a las que acusa de provocar una \u201casfixia energ\u00e9tica\u201d.<\/p>\n<p style=\"text-align: justify;\">Los apagones diarios han tenido un fuerte impacto en la econom\u00eda, que se ha contra\u00eddo m\u00e1s de 15% desde 2020, y han sido uno de los principales detonantes de las protestas sociales recientes.<\/p>\n","protected":false},"excerpt":{"rendered":"<p>La Habana.- Cuba enfrentar\u00e1 apagones prolongados este lunes, con cortes de electricidad que podr\u00edan afectar a m\u00e1s del 61% del territorio nacional durante el horario de mayor demanda, de acuerdo con la estatal Uni\u00f3n El\u00e9ctrica (UNE). Seg\u00fan el organismo, la crisis energ\u00e9tica se ha profundizado desde mediados de 2024, principalmente por la escasez de divisas para la compra de combustible y por las constantes fallas en las centrales termoel\u00e9ctricas, muchas de las cuales operan desde hace varias d\u00e9cadas. La situaci\u00f3n se agrav\u00f3 tras la interrupci\u00f3n del suministro de crudo venezolano, lo que ha incrementado los apagones y provocado largas filas [&hellip;]<\/p>\n","protected":false},"author":2,"featured_media":191474,"comment_status":"closed","ping_status":"closed","sticky":false,"template":"","format":"standard","meta":{"_monsterinsights_skip_tracking":false,"_monsterinsights_sitenote_active":false,"_monsterinsights_sitenote_note":"","_monsterinsights_sitenote_category":0,"footnotes":""},"categories":[40,44],"tags":[],"class_list":["post-191473","post","type-post","status-publish","format-standard","has-post-thumbnail","hentry","category-economia","category-internacional","post--single"],"_links":{"self":[{"href":"https:\/\/canal7slp.tv\/2026\/wp-json\/wp\/v2\/posts\/191473","targetHints":{"allow":["GET"]}}],"collection":[{"href":"https:\/\/canal7slp.tv\/2026\/wp-json\/wp\/v2\/posts"}],"about":[{"href":"https:\/\/canal7slp.tv\/2026\/wp-json\/wp\/v2\/types\/post"}],"author":[{"embeddable":true,"href":"https:\/\/canal7slp.tv\/2026\/wp-json\/wp\/v2\/users\/2"}],"replies":[{"embeddable":true,"href":"https:\/\/canal7slp.tv\/2026\/wp-json\/wp\/v2\/comments?post=191473"}],"version-history":[{"count":1,"href":"https:\/\/canal7slp.tv\/2026\/wp-json\/wp\/v2\/posts\/191473\/revisions"}],"predecessor-version":[{"id":191475,"href":"https:\/\/canal7slp.tv\/2026\/wp-json\/wp\/v2\/posts\/191473\/revisions\/191475"}],"wp:featuredmedia":[{"embeddable":true,"href":"https:\/\/canal7slp.tv\/2026\/wp-json\/wp\/v2\/media\/191474"}],"wp:attachment":[{"href":"https:\/\/canal7slp.tv\/2026\/wp-json\/wp\/v2\/media?parent=191473"}],"wp:term":[{"taxonomy":"category","embeddable":true,"href":"https:\/\/canal7slp.tv\/2026\/wp-json\/wp\/v2\/categories?post=191473"},{"taxonomy":"post_tag","embeddable":true,"href":"https:\/\/canal7slp.tv\/2026\/wp-json\/wp\/v2\/tags?post=191473"}],"curies":[{"name":"wp","href":"https:\/\/api.w.org\/{rel}","templated":true}]}}