{"id":191454,"date":"2026-01-25T21:47:48","date_gmt":"2026-01-26T03:47:48","guid":{"rendered":"https:\/\/canal7slp.tv\/2026\/?p=191454"},"modified":"2026-01-25T21:47:48","modified_gmt":"2026-01-26T03:47:48","slug":"vinculan-a-proceso-a-operador-de-taxi-por-tragico-accidente-en-carretera-57","status":"publish","type":"post","link":"https:\/\/canal7slp.tv\/2026\/vinculan-a-proceso-a-operador-de-taxi-por-tragico-accidente-en-carretera-57\/","title":{"rendered":"Vinculan a proceso a operador de taxi, por tr\u00e1gico accidente en carretera 57"},"content":{"rendered":"<p style=\"text-align: justify;\">SLP.- Este fin de semana fue vinculada a proceso una persona presuntamente responsable del reciente accidente registrado en carretera 57 -por el cual dos j\u00f3venes perdieron la vida-.<\/p>\n<p style=\"text-align: justify;\">La persona conduc\u00eda un taxi e inicialmente fue asegurada por autoridades municipales.<\/p>\n<p style=\"text-align: justify;\">Posteriormente presentada ante el Ministerio P\u00fablico.<\/p>\n<p style=\"text-align: justify;\">Se le se\u00f1al\u00f3 como supuesto implicado; con lo cual fue sometido a la investigaci\u00f3n, con indicios de su posible responsabilidad.<\/p>\n<p style=\"text-align: justify;\">Desde la Fiscal\u00eda General del Estado se dio seguimiento, por la imputaci\u00f3n de homicidio culposo agravado, al tratarse de un operador de transporte p\u00fablico.<\/p>\n<p style=\"text-align: justify;\">Con la vinculaci\u00f3n, el presunto se encuentra en el Centro de Prevenci\u00f3n y Readaptaci\u00f3n de La Pila, bajo prisi\u00f3n preventiva oficiosa como medida cautelar.<\/p>\n<p style=\"text-align: justify;\">Autoridades recordaron que contin\u00faan investigaciones complementarias.<\/p>\n<p style=\"text-align: justify;\">La grabaci\u00f3n del lamentable suceso fue filtrada en redes y ha generado m\u00faltiples opiniones.<\/p>\n<p style=\"text-align: justify;\">Por: Paulina Rodr\u00edguez<\/p>\n","protected":false},"excerpt":{"rendered":"<p>SLP.- Este fin de semana fue vinculada a proceso una persona presuntamente responsable del reciente accidente registrado en carretera 57 -por el cual dos j\u00f3venes perdieron la vida-. La persona conduc\u00eda un taxi e inicialmente fue asegurada por autoridades municipales. Posteriormente presentada ante el Ministerio P\u00fablico. Se le se\u00f1al\u00f3 como supuesto implicado; con lo cual fue sometido a la investigaci\u00f3n, con indicios de su posible responsabilidad. Desde la Fiscal\u00eda General del Estado se dio seguimiento, por la imputaci\u00f3n de homicidio culposo agravado, al tratarse de un operador de transporte p\u00fablico. Con la vinculaci\u00f3n, el presunto se encuentra en el Centro [&hellip;]<\/p>\n","protected":false},"author":2,"featured_media":191459,"comment_status":"closed","ping_status":"closed","sticky":false,"template":"","format":"video","meta":{"_monsterinsights_skip_tracking":false,"_monsterinsights_sitenote_active":false,"_monsterinsights_sitenote_note":"","_monsterinsights_sitenote_category":0,"footnotes":""},"categories":[5,45],"tags":[],"class_list":["post-191454","post","type-post","status-publish","format-video","has-post-thumbnail","hentry","category-destacadas","category-localesyregionales","post_format-post-format-video","post--single"],"_links":{"self":[{"href":"https:\/\/canal7slp.tv\/2026\/wp-json\/wp\/v2\/posts\/191454","targetHints":{"allow":["GET"]}}],"collection":[{"href":"https:\/\/canal7slp.tv\/2026\/wp-json\/wp\/v2\/posts"}],"about":[{"href":"https:\/\/canal7slp.tv\/2026\/wp-json\/wp\/v2\/types\/post"}],"author":[{"embeddable":true,"href":"https:\/\/canal7slp.tv\/2026\/wp-json\/wp\/v2\/users\/2"}],"replies":[{"embeddable":true,"href":"https:\/\/canal7slp.tv\/2026\/wp-json\/wp\/v2\/comments?post=191454"}],"version-history":[{"count":2,"href":"https:\/\/canal7slp.tv\/2026\/wp-json\/wp\/v2\/posts\/191454\/revisions"}],"predecessor-version":[{"id":191460,"href":"https:\/\/canal7slp.tv\/2026\/wp-json\/wp\/v2\/posts\/191454\/revisions\/191460"}],"wp:featuredmedia":[{"embeddable":true,"href":"https:\/\/canal7slp.tv\/2026\/wp-json\/wp\/v2\/media\/191459"}],"wp:attachment":[{"href":"https:\/\/canal7slp.tv\/2026\/wp-json\/wp\/v2\/media?parent=191454"}],"wp:term":[{"taxonomy":"category","embeddable":true,"href":"https:\/\/canal7slp.tv\/2026\/wp-json\/wp\/v2\/categories?post=191454"},{"taxonomy":"post_tag","embeddable":true,"href":"https:\/\/canal7slp.tv\/2026\/wp-json\/wp\/v2\/tags?post=191454"}],"curies":[{"name":"wp","href":"https:\/\/api.w.org\/{rel}","templated":true}]}}