{"id":191445,"date":"2026-01-25T16:46:46","date_gmt":"2026-01-25T22:46:46","guid":{"rendered":"https:\/\/canal7slp.tv\/2026\/?p=191445"},"modified":"2026-01-25T16:46:46","modified_gmt":"2026-01-25T22:46:46","slug":"disminucion-de-informalidad-dentro-de-la-agenda-2026-styps","status":"publish","type":"post","link":"https:\/\/canal7slp.tv\/2026\/disminucion-de-informalidad-dentro-de-la-agenda-2026-styps\/","title":{"rendered":"Disminuci\u00f3n de informalidad dentro de la agenda 2026: STYPS"},"content":{"rendered":"<p style=\"text-align: justify;\">SLP.- Dentro de la agenda 2026 de la Secretar\u00eda del Trabajo y Previsi\u00f3n Social de San Luis Potos\u00ed, se encuentra la disminuci\u00f3n de la labor informal en la entidad, se\u00f1al\u00f3 el director de Empleo y Productividad Laboral, Luis Cervantes Salgado.<\/p>\n<p style=\"text-align: justify;\">\u201cEl tema de la informalidad pega en todos los \u00e1mbitos y adem\u00e1s pega en todas las esferas, porque tambi\u00e9n hay personas que permiten el tema de la informalidad\u201d.<\/p>\n<p style=\"text-align: justify;\">Se buscar\u00e1 generar la estrategia para bajar la cifra de espacios sin los derechos laborales correspondientes.<\/p>\n<p style=\"text-align: justify;\">\u201cEntonces a veces tambi\u00e9n tendremos que hacer una estrategia donde invitemos a los empleadores que abran vacantes formales para que podamos allanar un poquito estas consideraciones\u201d.<\/p>\n<p style=\"text-align: justify;\">La facilidad en la obtenci\u00f3n de dinero sin consideraciones a futuro es uno de los principales factores que impulsa la informalidad.<\/p>\n<p style=\"text-align: justify;\">\u201cLas personas evidentemente acceden a veces a la informalidad, derivado de qu\u00e9, de la prontitud que hay, si necesitas dinero r\u00e1pido agarras lo que sea\u201d.<\/p>\n<p style=\"text-align: justify;\">Seg\u00fan cifras del INEGI la informalidad laboral en San Luis Potos\u00ed afecta a m\u00e1s de la mitad de la poblaci\u00f3n ocupada, aproximadamente 707 mil personas en esta situaci\u00f3n al cierre de 2025.<\/p>\n<p style=\"text-align: justify;\">\u201cEn enero hay un rebote, en diciembre tuvimos una baja en el tema de la empleabilidad porque se terminan varios contratos, pero en enero hay un rebote porque vuelven a estas recontrataciones\u201d.<\/p>\n<p>Por: Juan Carlos Contreras<\/p>\n","protected":false},"excerpt":{"rendered":"<p>SLP.- Dentro de la agenda 2026 de la Secretar\u00eda del Trabajo y Previsi\u00f3n Social de San Luis Potos\u00ed, se encuentra la disminuci\u00f3n de la labor informal en la entidad, se\u00f1al\u00f3 el director de Empleo y Productividad Laboral, Luis Cervantes Salgado. \u201cEl tema de la informalidad pega en todos los \u00e1mbitos y adem\u00e1s pega en todas las esferas, porque tambi\u00e9n hay personas que permiten el tema de la informalidad\u201d. Se buscar\u00e1 generar la estrategia para bajar la cifra de espacios sin los derechos laborales correspondientes. \u201cEntonces a veces tambi\u00e9n tendremos que hacer una estrategia donde invitemos a los empleadores que abran [&hellip;]<\/p>\n","protected":false},"author":2,"featured_media":191449,"comment_status":"closed","ping_status":"closed","sticky":false,"template":"","format":"video","meta":{"_monsterinsights_skip_tracking":false,"_monsterinsights_sitenote_active":false,"_monsterinsights_sitenote_note":"","_monsterinsights_sitenote_category":0,"footnotes":""},"categories":[5,45],"tags":[],"class_list":["post-191445","post","type-post","status-publish","format-video","has-post-thumbnail","hentry","category-destacadas","category-localesyregionales","post_format-post-format-video","post--single"],"_links":{"self":[{"href":"https:\/\/canal7slp.tv\/2026\/wp-json\/wp\/v2\/posts\/191445","targetHints":{"allow":["GET"]}}],"collection":[{"href":"https:\/\/canal7slp.tv\/2026\/wp-json\/wp\/v2\/posts"}],"about":[{"href":"https:\/\/canal7slp.tv\/2026\/wp-json\/wp\/v2\/types\/post"}],"author":[{"embeddable":true,"href":"https:\/\/canal7slp.tv\/2026\/wp-json\/wp\/v2\/users\/2"}],"replies":[{"embeddable":true,"href":"https:\/\/canal7slp.tv\/2026\/wp-json\/wp\/v2\/comments?post=191445"}],"version-history":[{"count":2,"href":"https:\/\/canal7slp.tv\/2026\/wp-json\/wp\/v2\/posts\/191445\/revisions"}],"predecessor-version":[{"id":191453,"href":"https:\/\/canal7slp.tv\/2026\/wp-json\/wp\/v2\/posts\/191445\/revisions\/191453"}],"wp:featuredmedia":[{"embeddable":true,"href":"https:\/\/canal7slp.tv\/2026\/wp-json\/wp\/v2\/media\/191449"}],"wp:attachment":[{"href":"https:\/\/canal7slp.tv\/2026\/wp-json\/wp\/v2\/media?parent=191445"}],"wp:term":[{"taxonomy":"category","embeddable":true,"href":"https:\/\/canal7slp.tv\/2026\/wp-json\/wp\/v2\/categories?post=191445"},{"taxonomy":"post_tag","embeddable":true,"href":"https:\/\/canal7slp.tv\/2026\/wp-json\/wp\/v2\/tags?post=191445"}],"curies":[{"name":"wp","href":"https:\/\/api.w.org\/{rel}","templated":true}]}}