{"id":191417,"date":"2026-01-25T10:56:17","date_gmt":"2026-01-25T16:56:17","guid":{"rendered":"https:\/\/canal7slp.tv\/2026\/?p=191417"},"modified":"2026-01-25T16:33:21","modified_gmt":"2026-01-25T22:33:21","slug":"enfermero-muere-tras-ser-baleado-por-agentes-de-inmigracion-en-minneapolis","status":"publish","type":"post","link":"https:\/\/canal7slp.tv\/2026\/enfermero-muere-tras-ser-baleado-por-agentes-de-inmigracion-en-minneapolis\/","title":{"rendered":"Enfermero muere tras ser baleado por agentes de inmigraci\u00f3n en Minneapolis"},"content":{"rendered":"<p style=\"text-align: justify;\">Minneapolis.- Este 24 de enero de 2026, un hombre fue fatalmente baleado por agentes federales de inmigraci\u00f3n en Minneapolis, Estados Unidos, durante una operaci\u00f3n relacionada con el aumento de labores de deportaci\u00f3n en la ciudad.<\/p>\n<p style=\"text-align: justify;\">La v\u00edctima fue identificada como Alex Jeffrey Pretti, de 37 a\u00f1os, residente de Minneapolis y enfermero en la unidad de cuidados intensivos de un hospital para veteranos.<\/p>\n<p style=\"text-align: justify;\">Las autoridades locales indicaron que el tiroteo ocurri\u00f3 en el contexto de protestas y movilizaciones contra las acciones del Servicio de Inmigraci\u00f3n y Control de Aduanas (ICE), que han generado tensiones en la comunidad.<\/p>\n<p style=\"text-align: justify;\">Seg\u00fan versiones oficiales, agentes del ICE dijeron que Pretti estaba armado en el momento del enfrentamiento, lo que habr\u00eda motivado el uso de fuerza letal. Sin embargo, videos de testigos muestran al hombre sin un arma visible mientras interactuaba con miembros de un grupo de manifestantes, lo que ha generado cuestionamientos sobre la versi\u00f3n proporcionada por las autoridades.<\/p>\n<p style=\"text-align: justify;\">Este incidente es el segundo tiroteo mortal por parte de agentes federales en Minneapolis en menos de tres semanas, tras la muerte de otra persona en un operativo anterior. Las reacciones no se han hecho esperar: el gobernador de Minnesota, Tim Walz, ha solicitado la retirada de los agentes federales de la ciudad y ha ordenado el despliegue de la Guardia Nacional para colaborar con la seguridad local.<\/p>\n<p style=\"text-align: justify;\">Tras el tiroteo, centenares de personas se congregaron en el lugar de los hechos para protestar, en medio de consignas y expresiones de rechazo al accionar de los agentes. Autoridades municipales han pedido calma y se encuentran en curso investigaciones para esclarecer las circunstancias que rodearon el uso de fuerza letal en el operativo.<\/p>\n","protected":false},"excerpt":{"rendered":"<p>Minneapolis.- Este 24 de enero de 2026, un hombre fue fatalmente baleado por agentes federales de inmigraci\u00f3n en Minneapolis, Estados Unidos, durante una operaci\u00f3n relacionada con el aumento de labores de deportaci\u00f3n en la ciudad. La v\u00edctima fue identificada como Alex Jeffrey Pretti, de 37 a\u00f1os, residente de Minneapolis y enfermero en la unidad de cuidados intensivos de un hospital para veteranos. Las autoridades locales indicaron que el tiroteo ocurri\u00f3 en el contexto de protestas y movilizaciones contra las acciones del Servicio de Inmigraci\u00f3n y Control de Aduanas (ICE), que han generado tensiones en la comunidad. Seg\u00fan versiones oficiales, agentes [&hellip;]<\/p>\n","protected":false},"author":2,"featured_media":191418,"comment_status":"closed","ping_status":"closed","sticky":false,"template":"","format":"standard","meta":{"_monsterinsights_skip_tracking":false,"_monsterinsights_sitenote_active":false,"_monsterinsights_sitenote_note":"","_monsterinsights_sitenote_category":0,"footnotes":""},"categories":[44],"tags":[],"class_list":["post-191417","post","type-post","status-publish","format-standard","has-post-thumbnail","hentry","category-internacional","post--single"],"_links":{"self":[{"href":"https:\/\/canal7slp.tv\/2026\/wp-json\/wp\/v2\/posts\/191417","targetHints":{"allow":["GET"]}}],"collection":[{"href":"https:\/\/canal7slp.tv\/2026\/wp-json\/wp\/v2\/posts"}],"about":[{"href":"https:\/\/canal7slp.tv\/2026\/wp-json\/wp\/v2\/types\/post"}],"author":[{"embeddable":true,"href":"https:\/\/canal7slp.tv\/2026\/wp-json\/wp\/v2\/users\/2"}],"replies":[{"embeddable":true,"href":"https:\/\/canal7slp.tv\/2026\/wp-json\/wp\/v2\/comments?post=191417"}],"version-history":[{"count":2,"href":"https:\/\/canal7slp.tv\/2026\/wp-json\/wp\/v2\/posts\/191417\/revisions"}],"predecessor-version":[{"id":191420,"href":"https:\/\/canal7slp.tv\/2026\/wp-json\/wp\/v2\/posts\/191417\/revisions\/191420"}],"wp:featuredmedia":[{"embeddable":true,"href":"https:\/\/canal7slp.tv\/2026\/wp-json\/wp\/v2\/media\/191418"}],"wp:attachment":[{"href":"https:\/\/canal7slp.tv\/2026\/wp-json\/wp\/v2\/media?parent=191417"}],"wp:term":[{"taxonomy":"category","embeddable":true,"href":"https:\/\/canal7slp.tv\/2026\/wp-json\/wp\/v2\/categories?post=191417"},{"taxonomy":"post_tag","embeddable":true,"href":"https:\/\/canal7slp.tv\/2026\/wp-json\/wp\/v2\/tags?post=191417"}],"curies":[{"name":"wp","href":"https:\/\/api.w.org\/{rel}","templated":true}]}}