{"id":191411,"date":"2026-01-25T10:20:02","date_gmt":"2026-01-25T16:20:02","guid":{"rendered":"https:\/\/canal7slp.tv\/2026\/?p=191411"},"modified":"2026-01-25T10:20:02","modified_gmt":"2026-01-25T16:20:02","slug":"juez-ordena-prision-preventiva-contra-el-botox-y-dos-presuntos-colaboradores","status":"publish","type":"post","link":"https:\/\/canal7slp.tv\/2026\/juez-ordena-prision-preventiva-contra-el-botox-y-dos-presuntos-colaboradores\/","title":{"rendered":"Juez ordena prisi\u00f3n preventiva contra \u201cEl Botox\u201d y dos presuntos colaboradores"},"content":{"rendered":"<p style=\"text-align: justify;\" data-start=\"22\" data-end=\"354\">M\u00e9xico.- Un juez de control vincul\u00f3 a proceso a C\u00e9sar Alejandro \u201cN\u201d, alias \u201cEl Botox\u201d, presunto l\u00edder del grupo delictivo \u201cLos Blancos de Troya\u201d, y le impuso la medida de prisi\u00f3n preventiva oficiosa por diversos delitos. En la misma resoluci\u00f3n, tambi\u00e9n fueron vinculados a proceso sus escoltas, identificados como Eder \u201cN\u201d y Esteban \u201cN\u201d.<\/p>\n<p style=\"text-align: justify;\" data-start=\"356\" data-end=\"734\">La audiencia se realiz\u00f3 por videoconferencia y fue presidida por el juez Mario Elizondo Mart\u00ednez, adscrito al Centro de Justicia Penal Federal en Almoloya de Ju\u00e1rez, Estado de M\u00e9xico. Durante la diligencia, el Ministerio P\u00fablico present\u00f3 los elementos que permitieron al juez ordenar que los imputados permanezcan recluidos en el penal federal de m\u00e1xima seguridad del Altiplano.<\/p>\n<p style=\"text-align: justify;\" data-start=\"736\" data-end=\"1132\">De acuerdo con la informaci\u00f3n judicial, C\u00e9sar Alejandro \u201cN\u201d y Eder \u201cN\u201d enfrentan cargos por delincuencia organizada con fines de delitos contra la salud, as\u00ed como por portaci\u00f3n de armas de fuego y posesi\u00f3n de cartuchos y cargadores de uso exclusivo de las Fuerzas Armadas. En el caso de Esteban \u201cN\u201d, los se\u00f1alamientos se limitan a delitos relacionados con armas y posesi\u00f3n de sustancias il\u00edcitas.<\/p>\n<p style=\"text-align: justify;\" data-start=\"1134\" data-end=\"1429\">Durante la audiencia, el principal imputado reconoci\u00f3 su participaci\u00f3n en actividades de extorsi\u00f3n contra productores de lim\u00f3n en la regi\u00f3n de Tierra Caliente, en Michoac\u00e1n. Se prev\u00e9 que los tres detenidos sean trasladados al Centro Federal de Readaptaci\u00f3n Social n\u00famero 1 en las pr\u00f3ximas horas.<\/p>\n<p style=\"text-align: justify;\" data-start=\"1431\" data-end=\"1660\">La captura se realiz\u00f3 en el municipio de Buenavista Tomatl\u00e1n, Michoac\u00e1n, como resultado de un operativo coordinado entre el Ej\u00e9rcito, la Guardia Nacional, la Secretar\u00eda de Seguridad y Protecci\u00f3n Ciudadana y autoridades estatales.<\/p>\n","protected":false},"excerpt":{"rendered":"<p>M\u00e9xico.- Un juez de control vincul\u00f3 a proceso a C\u00e9sar Alejandro \u201cN\u201d, alias \u201cEl Botox\u201d, presunto l\u00edder del grupo delictivo \u201cLos Blancos de Troya\u201d, y le impuso la medida de prisi\u00f3n preventiva oficiosa por diversos delitos. En la misma resoluci\u00f3n, tambi\u00e9n fueron vinculados a proceso sus escoltas, identificados como Eder \u201cN\u201d y Esteban \u201cN\u201d. La audiencia se realiz\u00f3 por videoconferencia y fue presidida por el juez Mario Elizondo Mart\u00ednez, adscrito al Centro de Justicia Penal Federal en Almoloya de Ju\u00e1rez, Estado de M\u00e9xico. Durante la diligencia, el Ministerio P\u00fablico present\u00f3 los elementos que permitieron al juez ordenar que los imputados [&hellip;]<\/p>\n","protected":false},"author":2,"featured_media":191412,"comment_status":"closed","ping_status":"closed","sticky":false,"template":"","format":"standard","meta":{"_monsterinsights_skip_tracking":false,"_monsterinsights_sitenote_active":false,"_monsterinsights_sitenote_note":"","_monsterinsights_sitenote_category":0,"footnotes":""},"categories":[46],"tags":[],"class_list":["post-191411","post","type-post","status-publish","format-standard","has-post-thumbnail","hentry","category-nacional","post--single"],"_links":{"self":[{"href":"https:\/\/canal7slp.tv\/2026\/wp-json\/wp\/v2\/posts\/191411","targetHints":{"allow":["GET"]}}],"collection":[{"href":"https:\/\/canal7slp.tv\/2026\/wp-json\/wp\/v2\/posts"}],"about":[{"href":"https:\/\/canal7slp.tv\/2026\/wp-json\/wp\/v2\/types\/post"}],"author":[{"embeddable":true,"href":"https:\/\/canal7slp.tv\/2026\/wp-json\/wp\/v2\/users\/2"}],"replies":[{"embeddable":true,"href":"https:\/\/canal7slp.tv\/2026\/wp-json\/wp\/v2\/comments?post=191411"}],"version-history":[{"count":1,"href":"https:\/\/canal7slp.tv\/2026\/wp-json\/wp\/v2\/posts\/191411\/revisions"}],"predecessor-version":[{"id":191413,"href":"https:\/\/canal7slp.tv\/2026\/wp-json\/wp\/v2\/posts\/191411\/revisions\/191413"}],"wp:featuredmedia":[{"embeddable":true,"href":"https:\/\/canal7slp.tv\/2026\/wp-json\/wp\/v2\/media\/191412"}],"wp:attachment":[{"href":"https:\/\/canal7slp.tv\/2026\/wp-json\/wp\/v2\/media?parent=191411"}],"wp:term":[{"taxonomy":"category","embeddable":true,"href":"https:\/\/canal7slp.tv\/2026\/wp-json\/wp\/v2\/categories?post=191411"},{"taxonomy":"post_tag","embeddable":true,"href":"https:\/\/canal7slp.tv\/2026\/wp-json\/wp\/v2\/tags?post=191411"}],"curies":[{"name":"wp","href":"https:\/\/api.w.org\/{rel}","templated":true}]}}