{"id":191294,"date":"2026-01-23T15:04:12","date_gmt":"2026-01-23T21:04:12","guid":{"rendered":"https:\/\/canal7slp.tv\/2026\/?p=191294"},"modified":"2026-01-23T15:04:12","modified_gmt":"2026-01-23T21:04:12","slug":"ue-prorroga-seis-meses-la-suspension-de-represalias-arancelarias-contra-eu","status":"publish","type":"post","link":"https:\/\/canal7slp.tv\/2026\/ue-prorroga-seis-meses-la-suspension-de-represalias-arancelarias-contra-eu\/","title":{"rendered":"UE prorroga seis meses la suspensi\u00f3n de represalias arancelarias contra EU"},"content":{"rendered":"<p style=\"text-align: justify;\">Bruselas.- La Comisi\u00f3n Europea decidi\u00f3 mantener congeladas durante seis meses adicionales las represalias arancelarias contra Estados Unidos, que ascienden a un total de 93 mil millones de euros. La medida se da en un contexto de distensi\u00f3n diplom\u00e1tica, luego de que el presidente estadounidense, Donald Trump, retirara la amenaza de imponer sanciones a los ocho pa\u00edses europeos que enviaron tropas a Groenlandia.<\/p>\n<p style=\"text-align: justify;\">Con esta decisi\u00f3n, la Uni\u00f3n Europea (UE) busca fomentar el di\u00e1logo y evitar una escalada en las tensiones comerciales, priorizando la negociaci\u00f3n y la estabilidad en las relaciones transatl\u00e1nticas, mientras se eval\u00faa el panorama pol\u00edtico y econ\u00f3mico entre ambas partes.<\/p>\n<p style=\"text-align: justify;\">El portavoz de Comercio de la Comisi\u00f3n Europea, Olof Gill, inform\u00f3 que se presentar\u00e1 una propuesta formal para prorrogar las contramedidas, actualmente programadas para expirar el 7 de febrero. La extensi\u00f3n se alinear\u00e1 con el mismo periodo de suspensi\u00f3n anterior, es decir, seis meses.<\/p>\n<p style=\"text-align: justify;\">Gill se\u00f1al\u00f3 adem\u00e1s que la Comisi\u00f3n tiene la intenci\u00f3n de implementar el acuerdo comercial alcanzado con Estados Unidos en verano, que permite a Washington exportar bienes industriales a la UE sin aranceles. No obstante, subray\u00f3 que Bruselas se reserva el derecho de reactivar las represalias si las condiciones cambian.<\/p>\n<p style=\"text-align: justify;\">\u201cCon la retirada de la amenaza arancelaria por parte de Estados Unidos, podemos volver a la importante tarea de implementar el comunicado conjunto entre la UE y Estados Unidos\u201d, afirm\u00f3 el portavoz.<\/p>\n<p style=\"text-align: justify;\">En la cumbre extraordinaria celebrada recientemente, los l\u00edderes europeos coincidieron en la necesidad de avanzar con el pacto comercial, que hab\u00eda sido paralizado por el Parlamento Europeo poco antes de que Washington retirara su advertencia. La presidenta de la Comisi\u00f3n Europea, Ursula von der Leyen, sostuvo que \u201cun acuerdo es un acuerdo\u201d, y reiter\u00f3 que este sigue siendo la hoja de ruta para garantizar estabilidad y previsibilidad en el comercio transatl\u00e1ntico.<\/p>\n<p style=\"text-align: justify;\">En este nuevo escenario, Bruselas busca prorrogar formalmente la suspensi\u00f3n de las represalias, una decisi\u00f3n que deber\u00e1 ser validada por los pa\u00edses de la UE mediante una mayor\u00eda cualificada en los pr\u00f3ximos d\u00edas. Asimismo, la Comisi\u00f3n opt\u00f3 por posponer la aplicaci\u00f3n del mecanismo anticoerci\u00f3n contra Estados Unidos, una herramienta que hab\u00eda sido considerada como opci\u00f3n de presi\u00f3n.<\/p>\n<p style=\"text-align: justify;\">Gill destac\u00f3 que los acontecimientos recientes demuestran que la UE est\u00e1 dispuesta a actuar cuando es necesario, pero privilegiando los canales diplom\u00e1ticos y pol\u00edticos, en lugar de caer en una din\u00e1mica de represalias mutuas.<\/p>\n<p style=\"text-align: justify;\">Por su parte, los eurodiputados de la Comisi\u00f3n de Comercio del Parlamento Europeo discutir\u00e1n el pr\u00f3ximo lunes si mantienen la paralizaci\u00f3n del acuerdo o modifican su postura tras el cambio de posici\u00f3n de Trump. El presidente de dicha comisi\u00f3n, Bernd Lange, solicit\u00f3 conocer primero los detalles del preacuerdo anunciado sobre Groenlandia antes de tomar una decisi\u00f3n definitiva.<\/p>\n","protected":false},"excerpt":{"rendered":"<p>Bruselas.- La Comisi\u00f3n Europea decidi\u00f3 mantener congeladas durante seis meses adicionales las represalias arancelarias contra Estados Unidos, que ascienden a un total de 93 mil millones de euros. La medida se da en un contexto de distensi\u00f3n diplom\u00e1tica, luego de que el presidente estadounidense, Donald Trump, retirara la amenaza de imponer sanciones a los ocho pa\u00edses europeos que enviaron tropas a Groenlandia. Con esta decisi\u00f3n, la Uni\u00f3n Europea (UE) busca fomentar el di\u00e1logo y evitar una escalada en las tensiones comerciales, priorizando la negociaci\u00f3n y la estabilidad en las relaciones transatl\u00e1nticas, mientras se eval\u00faa el panorama pol\u00edtico y econ\u00f3mico entre [&hellip;]<\/p>\n","protected":false},"author":2,"featured_media":191295,"comment_status":"closed","ping_status":"closed","sticky":false,"template":"","format":"standard","meta":{"_monsterinsights_skip_tracking":false,"_monsterinsights_sitenote_active":false,"_monsterinsights_sitenote_note":"","_monsterinsights_sitenote_category":0,"footnotes":""},"categories":[40,44],"tags":[],"class_list":["post-191294","post","type-post","status-publish","format-standard","has-post-thumbnail","hentry","category-economia","category-internacional","post--single"],"_links":{"self":[{"href":"https:\/\/canal7slp.tv\/2026\/wp-json\/wp\/v2\/posts\/191294","targetHints":{"allow":["GET"]}}],"collection":[{"href":"https:\/\/canal7slp.tv\/2026\/wp-json\/wp\/v2\/posts"}],"about":[{"href":"https:\/\/canal7slp.tv\/2026\/wp-json\/wp\/v2\/types\/post"}],"author":[{"embeddable":true,"href":"https:\/\/canal7slp.tv\/2026\/wp-json\/wp\/v2\/users\/2"}],"replies":[{"embeddable":true,"href":"https:\/\/canal7slp.tv\/2026\/wp-json\/wp\/v2\/comments?post=191294"}],"version-history":[{"count":1,"href":"https:\/\/canal7slp.tv\/2026\/wp-json\/wp\/v2\/posts\/191294\/revisions"}],"predecessor-version":[{"id":191296,"href":"https:\/\/canal7slp.tv\/2026\/wp-json\/wp\/v2\/posts\/191294\/revisions\/191296"}],"wp:featuredmedia":[{"embeddable":true,"href":"https:\/\/canal7slp.tv\/2026\/wp-json\/wp\/v2\/media\/191295"}],"wp:attachment":[{"href":"https:\/\/canal7slp.tv\/2026\/wp-json\/wp\/v2\/media?parent=191294"}],"wp:term":[{"taxonomy":"category","embeddable":true,"href":"https:\/\/canal7slp.tv\/2026\/wp-json\/wp\/v2\/categories?post=191294"},{"taxonomy":"post_tag","embeddable":true,"href":"https:\/\/canal7slp.tv\/2026\/wp-json\/wp\/v2\/tags?post=191294"}],"curies":[{"name":"wp","href":"https:\/\/api.w.org\/{rel}","templated":true}]}}