{"id":191255,"date":"2026-01-23T13:13:51","date_gmt":"2026-01-23T19:13:51","guid":{"rendered":"https:\/\/canal7slp.tv\/2026\/?p=191255"},"modified":"2026-01-23T13:13:51","modified_gmt":"2026-01-23T19:13:51","slug":"revisa-cancilleria-avances-de-acuerdo-global-modernizado","status":"publish","type":"post","link":"https:\/\/canal7slp.tv\/2026\/revisa-cancilleria-avances-de-acuerdo-global-modernizado\/","title":{"rendered":"Revisa Canciller\u00eda avances de Acuerdo Global Modernizado"},"content":{"rendered":"<p style=\"text-align: justify;\"><span style=\"font-size: 1.21429rem;\">SLP.- El titular de la Secretar\u00eda de Relaciones Exteriores (SRE) Juan Ram\u00f3n de la Fuente sostuvo una reuni\u00f3n con el secretario general adjunto del Servicio Europeo de Acci\u00f3n Exterior, Olof Skoog.<\/span><\/p>\n<p style=\"text-align: justify;\">Asimismo con el embajador de la Uni\u00f3n Europea en M\u00e9xico, Francisco Andr\u00e9.<\/p>\n<p style=\"text-align: justify;\">El objetivo es la revisi\u00f3n del estado actual del Acuerdo Global Modernizado entre M\u00e9xico y la Uni\u00f3n Europea.<\/p>\n<p style=\"text-align: justify;\">Desde la Canciller\u00eda se inform\u00f3 que las partes intercambiaron puntos de vista sobre el rumbo del acuerdo.<\/p>\n<p style=\"text-align: justify;\">Coincidieron en el alcance de fortalecer la relaci\u00f3n bilateral.<\/p>\n<p style=\"text-align: justify;\">A la par, se hizo \u00e9nfasis en el respeto al Derecho Internacional.<\/p>\n<p style=\"text-align: justify;\">As\u00ed, se reafirm\u00f3 el compromiso con el multilateralismo como eje de cooperaci\u00f3n global.<\/p>\n<p style=\"text-align: justify;\">En dicho encuentro asimismo particip\u00f3 la subsecretaria de Relaciones Exteriores, Mar\u00eda Teresa Mercado; el subsecretario para Asuntos Multilaterales y Derechos Humanos, Enrique Ochoa y el consultor jur\u00eddico de la Secretar\u00eda de Relaciones Exteriores, Pablo Arrocha.<\/p>\n<p style=\"text-align: justify;\">Su presencia obedeci\u00f3 a la necesidad de acompa\u00f1ar al canciller en la revisi\u00f3n de temas estrat\u00e9gicos de agenda con la Uni\u00f3n Europea.<\/p>\n<p>Por: Paulina Rodr\u00edguez<\/p>\n","protected":false},"excerpt":{"rendered":"<p>SLP.- El titular de la Secretar\u00eda de Relaciones Exteriores (SRE) Juan Ram\u00f3n de la Fuente sostuvo una reuni\u00f3n con el secretario general adjunto del Servicio Europeo de Acci\u00f3n Exterior, Olof Skoog. Asimismo con el embajador de la Uni\u00f3n Europea en M\u00e9xico, Francisco Andr\u00e9. El objetivo es la revisi\u00f3n del estado actual del Acuerdo Global Modernizado entre M\u00e9xico y la Uni\u00f3n Europea. Desde la Canciller\u00eda se inform\u00f3 que las partes intercambiaron puntos de vista sobre el rumbo del acuerdo. Coincidieron en el alcance de fortalecer la relaci\u00f3n bilateral. A la par, se hizo \u00e9nfasis en el respeto al Derecho Internacional. As\u00ed, [&hellip;]<\/p>\n","protected":false},"author":2,"featured_media":191259,"comment_status":"closed","ping_status":"closed","sticky":false,"template":"","format":"video","meta":{"_monsterinsights_skip_tracking":false,"_monsterinsights_sitenote_active":false,"_monsterinsights_sitenote_note":"","_monsterinsights_sitenote_category":0,"footnotes":""},"categories":[5,40,45],"tags":[],"class_list":["post-191255","post","type-post","status-publish","format-video","has-post-thumbnail","hentry","category-destacadas","category-economia","category-localesyregionales","post_format-post-format-video","post--single"],"_links":{"self":[{"href":"https:\/\/canal7slp.tv\/2026\/wp-json\/wp\/v2\/posts\/191255","targetHints":{"allow":["GET"]}}],"collection":[{"href":"https:\/\/canal7slp.tv\/2026\/wp-json\/wp\/v2\/posts"}],"about":[{"href":"https:\/\/canal7slp.tv\/2026\/wp-json\/wp\/v2\/types\/post"}],"author":[{"embeddable":true,"href":"https:\/\/canal7slp.tv\/2026\/wp-json\/wp\/v2\/users\/2"}],"replies":[{"embeddable":true,"href":"https:\/\/canal7slp.tv\/2026\/wp-json\/wp\/v2\/comments?post=191255"}],"version-history":[{"count":2,"href":"https:\/\/canal7slp.tv\/2026\/wp-json\/wp\/v2\/posts\/191255\/revisions"}],"predecessor-version":[{"id":191260,"href":"https:\/\/canal7slp.tv\/2026\/wp-json\/wp\/v2\/posts\/191255\/revisions\/191260"}],"wp:featuredmedia":[{"embeddable":true,"href":"https:\/\/canal7slp.tv\/2026\/wp-json\/wp\/v2\/media\/191259"}],"wp:attachment":[{"href":"https:\/\/canal7slp.tv\/2026\/wp-json\/wp\/v2\/media?parent=191255"}],"wp:term":[{"taxonomy":"category","embeddable":true,"href":"https:\/\/canal7slp.tv\/2026\/wp-json\/wp\/v2\/categories?post=191255"},{"taxonomy":"post_tag","embeddable":true,"href":"https:\/\/canal7slp.tv\/2026\/wp-json\/wp\/v2\/tags?post=191255"}],"curies":[{"name":"wp","href":"https:\/\/api.w.org\/{rel}","templated":true}]}}