{"id":191222,"date":"2026-01-23T10:00:07","date_gmt":"2026-01-23T16:00:07","guid":{"rendered":"https:\/\/canal7slp.tv\/2026\/?p=191222"},"modified":"2026-01-22T23:57:42","modified_gmt":"2026-01-23T05:57:42","slug":"complejo-que-desaparezcan-las-plurinominales-considera-el-abogado-jose-mario-de-la-garza","status":"publish","type":"post","link":"https:\/\/canal7slp.tv\/2026\/complejo-que-desaparezcan-las-plurinominales-considera-el-abogado-jose-mario-de-la-garza\/","title":{"rendered":"Complejo que desaparezcan las plurinominales, considera el abogado Jos\u00e9 Mario de la Garza"},"content":{"rendered":"<p style=\"text-align: justify;\"><span style=\"font-size: 1.21429rem;\">SLP.- La reforma electoral que propone la presidenta Claudia Sheinbaum es una iniciativa que lo que busca es controlar el sistema electoral desde el poder.<\/span><\/p>\n<p style=\"text-align: justify;\">As\u00ed lo afirm\u00f3 el reconocido abogado y presidente de la iniciativa ciudadana \u201cCongreso Calificado\u201d Jos\u00e9 Mario de la Garza Marroqu\u00edn.<\/p>\n<p style=\"text-align: justify;\">En m\u00e1s de este tema afirm\u00f3 que evidentemente el principal objetivo de esta iniciativa es el de eliminar la representaci\u00f3n proporcional, centralizar los \u00f3rganos electoralesy \u201cmoldear\u201d al INE desde Palacio Nacional.<\/p>\n<p style=\"text-align: justify;\">Sin embargo, consider\u00f3 complicado que desaparezcan las pluris al decir tambi\u00e9n que de aprobarse la reforma electoral, se acaba la competencia real y el contrapeso ciudadano.<\/p>\n<p>Por: Claudio Ibarra<\/p>\n","protected":false},"excerpt":{"rendered":"<p>SLP.- La reforma electoral que propone la presidenta Claudia Sheinbaum es una iniciativa que lo que busca es controlar el sistema electoral desde el poder. As\u00ed lo afirm\u00f3 el reconocido abogado y presidente de la iniciativa ciudadana \u201cCongreso Calificado\u201d Jos\u00e9 Mario de la Garza Marroqu\u00edn. En m\u00e1s de este tema afirm\u00f3 que evidentemente el principal objetivo de esta iniciativa es el de eliminar la representaci\u00f3n proporcional, centralizar los \u00f3rganos electoralesy \u201cmoldear\u201d al INE desde Palacio Nacional. Sin embargo, consider\u00f3 complicado que desaparezcan las pluris al decir tambi\u00e9n que de aprobarse la reforma electoral, se acaba la competencia real y el [&hellip;]<\/p>\n","protected":false},"author":2,"featured_media":191249,"comment_status":"closed","ping_status":"closed","sticky":false,"template":"","format":"video","meta":{"_monsterinsights_skip_tracking":false,"_monsterinsights_sitenote_active":false,"_monsterinsights_sitenote_note":"","_monsterinsights_sitenote_category":0,"footnotes":""},"categories":[5,45],"tags":[],"class_list":["post-191222","post","type-post","status-publish","format-video","has-post-thumbnail","hentry","category-destacadas","category-localesyregionales","post_format-post-format-video","post--single"],"_links":{"self":[{"href":"https:\/\/canal7slp.tv\/2026\/wp-json\/wp\/v2\/posts\/191222","targetHints":{"allow":["GET"]}}],"collection":[{"href":"https:\/\/canal7slp.tv\/2026\/wp-json\/wp\/v2\/posts"}],"about":[{"href":"https:\/\/canal7slp.tv\/2026\/wp-json\/wp\/v2\/types\/post"}],"author":[{"embeddable":true,"href":"https:\/\/canal7slp.tv\/2026\/wp-json\/wp\/v2\/users\/2"}],"replies":[{"embeddable":true,"href":"https:\/\/canal7slp.tv\/2026\/wp-json\/wp\/v2\/comments?post=191222"}],"version-history":[{"count":2,"href":"https:\/\/canal7slp.tv\/2026\/wp-json\/wp\/v2\/posts\/191222\/revisions"}],"predecessor-version":[{"id":191250,"href":"https:\/\/canal7slp.tv\/2026\/wp-json\/wp\/v2\/posts\/191222\/revisions\/191250"}],"wp:featuredmedia":[{"embeddable":true,"href":"https:\/\/canal7slp.tv\/2026\/wp-json\/wp\/v2\/media\/191249"}],"wp:attachment":[{"href":"https:\/\/canal7slp.tv\/2026\/wp-json\/wp\/v2\/media?parent=191222"}],"wp:term":[{"taxonomy":"category","embeddable":true,"href":"https:\/\/canal7slp.tv\/2026\/wp-json\/wp\/v2\/categories?post=191222"},{"taxonomy":"post_tag","embeddable":true,"href":"https:\/\/canal7slp.tv\/2026\/wp-json\/wp\/v2\/tags?post=191222"}],"curies":[{"name":"wp","href":"https:\/\/api.w.org\/{rel}","templated":true}]}}