{"id":191221,"date":"2026-01-22T23:30:36","date_gmt":"2026-01-23T05:30:36","guid":{"rendered":"https:\/\/canal7slp.tv\/2026\/?p=191221"},"modified":"2026-01-22T23:30:36","modified_gmt":"2026-01-23T05:30:36","slug":"en-san-luis-potosi-coparmex-cambia-de-mesa-directiva","status":"publish","type":"post","link":"https:\/\/canal7slp.tv\/2026\/en-san-luis-potosi-coparmex-cambia-de-mesa-directiva\/","title":{"rendered":"En San Luis Potos\u00ed, Coparmex cambia de Mesa Directiva"},"content":{"rendered":"<p style=\"text-align: justify;\"><span style=\"font-size: 1.21429rem;\">SLP.- En Asamblea Ordinaria Electiva la Confederaci\u00f3n Patronal de la Rep\u00fablica Mexicana cambi\u00f3 de mesa directiva en San Luis Potos\u00ed.<\/span><\/p>\n<p style=\"text-align: justify;\">Se trat\u00f3 de un encuentro de la comunidad empresarial en donde Ana Mar\u00eda Abascal Sainz tom\u00f3 protesta como nueva presidenta de este sindicato patronal, para el periodo 2026-2028.<\/p>\n<p style=\"text-align: justify;\">Antes, su presidente saliente Luis Gerardo Ortu\u00f1o dirigi\u00f3 un mensaje al concluir su periodo al frente de este organismo luego de que asumiera este cargo en el 2022.<\/p>\n<p style=\"text-align: justify;\">En entrevista, la nueva presidenta de COPARMEX, la primera mujer en San Luis Potos\u00ed que dirige este organismo, destac\u00f3 cu\u00e1les ser\u00e1n los principales retos durante su gesti\u00f3n.<\/p>\n<p style=\"text-align: justify;\">Al comentar que en su plan de trabajo incluye reforzar la unidad al interior de este organismo la nueva presidenta de COPARMEX, dijo tambi\u00e9n que este 2026 ser\u00e1 un a\u00f1o complejo al referirse a los procesos electorales y afirmar que la clase empresarial, est\u00e1 preparada para asumir los retos actuales.<\/p>\n<p>Por: Claudio Ibarra<\/p>\n","protected":false},"excerpt":{"rendered":"<p>SLP.- En Asamblea Ordinaria Electiva la Confederaci\u00f3n Patronal de la Rep\u00fablica Mexicana cambi\u00f3 de mesa directiva en San Luis Potos\u00ed. Se trat\u00f3 de un encuentro de la comunidad empresarial en donde Ana Mar\u00eda Abascal Sainz tom\u00f3 protesta como nueva presidenta de este sindicato patronal, para el periodo 2026-2028. Antes, su presidente saliente Luis Gerardo Ortu\u00f1o dirigi\u00f3 un mensaje al concluir su periodo al frente de este organismo luego de que asumiera este cargo en el 2022. En entrevista, la nueva presidenta de COPARMEX, la primera mujer en San Luis Potos\u00ed que dirige este organismo, destac\u00f3 cu\u00e1les ser\u00e1n los principales retos [&hellip;]<\/p>\n","protected":false},"author":2,"featured_media":191239,"comment_status":"closed","ping_status":"closed","sticky":false,"template":"","format":"video","meta":{"_monsterinsights_skip_tracking":false,"_monsterinsights_sitenote_active":false,"_monsterinsights_sitenote_note":"","_monsterinsights_sitenote_category":0,"footnotes":""},"categories":[5,45],"tags":[],"class_list":["post-191221","post","type-post","status-publish","format-video","has-post-thumbnail","hentry","category-destacadas","category-localesyregionales","post_format-post-format-video","post--single"],"_links":{"self":[{"href":"https:\/\/canal7slp.tv\/2026\/wp-json\/wp\/v2\/posts\/191221","targetHints":{"allow":["GET"]}}],"collection":[{"href":"https:\/\/canal7slp.tv\/2026\/wp-json\/wp\/v2\/posts"}],"about":[{"href":"https:\/\/canal7slp.tv\/2026\/wp-json\/wp\/v2\/types\/post"}],"author":[{"embeddable":true,"href":"https:\/\/canal7slp.tv\/2026\/wp-json\/wp\/v2\/users\/2"}],"replies":[{"embeddable":true,"href":"https:\/\/canal7slp.tv\/2026\/wp-json\/wp\/v2\/comments?post=191221"}],"version-history":[{"count":2,"href":"https:\/\/canal7slp.tv\/2026\/wp-json\/wp\/v2\/posts\/191221\/revisions"}],"predecessor-version":[{"id":191240,"href":"https:\/\/canal7slp.tv\/2026\/wp-json\/wp\/v2\/posts\/191221\/revisions\/191240"}],"wp:featuredmedia":[{"embeddable":true,"href":"https:\/\/canal7slp.tv\/2026\/wp-json\/wp\/v2\/media\/191239"}],"wp:attachment":[{"href":"https:\/\/canal7slp.tv\/2026\/wp-json\/wp\/v2\/media?parent=191221"}],"wp:term":[{"taxonomy":"category","embeddable":true,"href":"https:\/\/canal7slp.tv\/2026\/wp-json\/wp\/v2\/categories?post=191221"},{"taxonomy":"post_tag","embeddable":true,"href":"https:\/\/canal7slp.tv\/2026\/wp-json\/wp\/v2\/tags?post=191221"}],"curies":[{"name":"wp","href":"https:\/\/api.w.org\/{rel}","templated":true}]}}