{"id":191205,"date":"2026-01-22T21:38:34","date_gmt":"2026-01-23T03:38:34","guid":{"rendered":"https:\/\/canal7slp.tv\/2026\/?p=191205"},"modified":"2026-01-22T21:38:34","modified_gmt":"2026-01-23T03:38:34","slug":"un-ano-convulso-se-vislumbra-por-conflictos-internacionales-ip","status":"publish","type":"post","link":"https:\/\/canal7slp.tv\/2026\/un-ano-convulso-se-vislumbra-por-conflictos-internacionales-ip\/","title":{"rendered":"Un a\u00f1o convulso, se vislumbra por conflictos internacionales: IP"},"content":{"rendered":"<p style=\"text-align: justify;\">SLP.- El presidente de los Estados Unidos, Donald Trump y su forma de gobierno es uno de los temas de mayor apuraci\u00f3n a nivel internacional y que complicar\u00e1n el a\u00f1o 2026 para el empresariado, as\u00ed lo extern\u00f3 el titular de Industriales Potosinos Asociaci\u00f3n Civil, Rodrigo S\u00e1nchez Espinosa.<\/p>\n<p style=\"text-align: justify;\">\u201cHemos visto el a\u00f1o pasado fue un a\u00f1o bastante convulso, bastante complicado, derivado de varios temas de aranceles, varias entradas en vigor de diversas leyes, este a\u00f1o no pinta distinto, vamos a seguir con esas variaciones, con esos movimientos en lo que se da la negociaci\u00f3n de los tratados de libre comercio\u201d.<\/p>\n<p style=\"text-align: justify;\">Y es que el mandatario americano cumpli\u00f3 un a\u00f1o en su segundo periodo al frente de la Casa Blanca en el mes de enero.<\/p>\n<p style=\"text-align: justify;\">\u201cHa venido con un, pues a distorsionar todo el status quo de c\u00f3mo ven\u00eda todo antes, el tipo de negociaciones, el tipo de negociar, a eso me refiero con que estamos en un momento muy convulso, ha sido as\u00ed el a\u00f1o pasado y este a\u00f1o no esperamos que sea distinto\u201d:<\/p>\n<p style=\"text-align: justify;\">Se\u00f1al\u00f3 que este tipo de pol\u00edtica, ha modificado las relaciones bilaterales.<\/p>\n<p style=\"text-align: justify;\">\u201cUna vez que termine su gobierno, estaremos en un mundo que ser\u00e1 un poco distinto del que ven\u00edamos acostumbrados en gobiernos digamos pasados\u201d.<\/p>\n<p style=\"text-align: justify;\">Los empresarios locales se han visto afectados ante los amagos arancelarios de Trump.<\/p>\n<p style=\"text-align: justify;\">\u201cEn este momento s\u00ed hay empresas que han bajado producci\u00f3n (\u2026) la industria automotriz c\u00f3mo ha ido ralentizado algo de su producci\u00f3n, esto va afectando toda la cadena de suministro hasta la persona que vende la papeler\u00eda\u201d.<\/p>\n<p style=\"text-align: justify;\">Destac\u00f3 que durante el arranque del a\u00f1o tambi\u00e9n existe una rotaci\u00f3n de personal normal que es derivada del cierre de contratos del mes de diciembre.<\/p>\n<p style=\"text-align: justify;\">Por: Juan Carlos Contreras<\/p>\n","protected":false},"excerpt":{"rendered":"<p>SLP.- El presidente de los Estados Unidos, Donald Trump y su forma de gobierno es uno de los temas de mayor apuraci\u00f3n a nivel internacional y que complicar\u00e1n el a\u00f1o 2026 para el empresariado, as\u00ed lo extern\u00f3 el titular de Industriales Potosinos Asociaci\u00f3n Civil, Rodrigo S\u00e1nchez Espinosa. \u201cHemos visto el a\u00f1o pasado fue un a\u00f1o bastante convulso, bastante complicado, derivado de varios temas de aranceles, varias entradas en vigor de diversas leyes, este a\u00f1o no pinta distinto, vamos a seguir con esas variaciones, con esos movimientos en lo que se da la negociaci\u00f3n de los tratados de libre comercio\u201d. Y [&hellip;]<\/p>\n","protected":false},"author":2,"featured_media":191216,"comment_status":"closed","ping_status":"closed","sticky":false,"template":"","format":"video","meta":{"_monsterinsights_skip_tracking":false,"_monsterinsights_sitenote_active":false,"_monsterinsights_sitenote_note":"","_monsterinsights_sitenote_category":0,"footnotes":""},"categories":[5,45],"tags":[],"class_list":["post-191205","post","type-post","status-publish","format-video","has-post-thumbnail","hentry","category-destacadas","category-localesyregionales","post_format-post-format-video","post--single"],"_links":{"self":[{"href":"https:\/\/canal7slp.tv\/2026\/wp-json\/wp\/v2\/posts\/191205","targetHints":{"allow":["GET"]}}],"collection":[{"href":"https:\/\/canal7slp.tv\/2026\/wp-json\/wp\/v2\/posts"}],"about":[{"href":"https:\/\/canal7slp.tv\/2026\/wp-json\/wp\/v2\/types\/post"}],"author":[{"embeddable":true,"href":"https:\/\/canal7slp.tv\/2026\/wp-json\/wp\/v2\/users\/2"}],"replies":[{"embeddable":true,"href":"https:\/\/canal7slp.tv\/2026\/wp-json\/wp\/v2\/comments?post=191205"}],"version-history":[{"count":2,"href":"https:\/\/canal7slp.tv\/2026\/wp-json\/wp\/v2\/posts\/191205\/revisions"}],"predecessor-version":[{"id":191229,"href":"https:\/\/canal7slp.tv\/2026\/wp-json\/wp\/v2\/posts\/191205\/revisions\/191229"}],"wp:featuredmedia":[{"embeddable":true,"href":"https:\/\/canal7slp.tv\/2026\/wp-json\/wp\/v2\/media\/191216"}],"wp:attachment":[{"href":"https:\/\/canal7slp.tv\/2026\/wp-json\/wp\/v2\/media?parent=191205"}],"wp:term":[{"taxonomy":"category","embeddable":true,"href":"https:\/\/canal7slp.tv\/2026\/wp-json\/wp\/v2\/categories?post=191205"},{"taxonomy":"post_tag","embeddable":true,"href":"https:\/\/canal7slp.tv\/2026\/wp-json\/wp\/v2\/tags?post=191205"}],"curies":[{"name":"wp","href":"https:\/\/api.w.org\/{rel}","templated":true}]}}