{"id":191198,"date":"2026-01-22T16:40:19","date_gmt":"2026-01-22T22:40:19","guid":{"rendered":"https:\/\/canal7slp.tv\/2026\/?p=191198"},"modified":"2026-01-22T16:40:19","modified_gmt":"2026-01-22T22:40:19","slug":"lideres-de-la-ue-se-reune-de-urgencia-para-redefinir-su-relacion-con-eua","status":"publish","type":"post","link":"https:\/\/canal7slp.tv\/2026\/lideres-de-la-ue-se-reune-de-urgencia-para-redefinir-su-relacion-con-eua\/","title":{"rendered":"L\u00edderes de la UE se re\u00fane de urgencia para redefinir su relaci\u00f3n con EUA"},"content":{"rendered":"<p style=\"text-align: justify;\">\n<p style=\"text-align: justify;\">Bruselas.- Los l\u00edderes de la Uni\u00f3n Europea (UE) se reunir\u00e1n este jueves para analizar el estado de su relaci\u00f3n con Estados Unidos, en una cumbre convocada de manera urgente tras la reciente decisi\u00f3n del presidente Donald Trump de retirar la amenaza de imponer nuevos aranceles a pa\u00edses europeos.<\/p>\n<p style=\"text-align: justify;\">La suspensi\u00f3n de las medidas comerciales se produjo despu\u00e9s de que Washington y la OTAN alcanzaran un principio de acuerdo sobre Groenlandia. No obstante, en Bruselas persiste la preocupaci\u00f3n por la inestabilidad de las relaciones transatl\u00e1nticas y la creciente imprevisibilidad de la pol\u00edtica exterior estadounidense.<\/p>\n<p style=\"text-align: justify;\">La reuni\u00f3n fue convocada por el presidente del Consejo Europeo, Ant\u00f3nio Costa, con el objetivo de coordinar una postura com\u00fan frente a las advertencias previas de Trump, quien hab\u00eda amenazado con aplicar un arancel adicional del 10% a varios pa\u00edses europeos que participaron en maniobras militares en Groenlandia.<\/p>\n<p style=\"text-align: justify;\">Aunque el ambiente es m\u00e1s optimista tras la retirada de la amenaza comercial, fuentes comunitarias se\u00f1alaron que la UE estaba preparada para activar su instrumento anticoerci\u00f3n en caso de que los aranceles se concretaran. Ahora, el foco estar\u00e1 en definir c\u00f3mo afrontar lo que describen como una \u201cnueva normalidad\u201d en la relaci\u00f3n con Estados Unidos, marcada por una mayor volatilidad durante el segundo mandato de Trump.<\/p>\n<p style=\"text-align: justify;\">Otro punto clave de la agenda ser\u00e1 la llamada Junta de Paz presentada por Trump en el Foro de Davos. La iniciativa ha generado escepticismo entre los l\u00edderes europeos, ya que, aunque m\u00e1s de 35 pa\u00edses han mostrado inter\u00e9s, solo Bulgaria y Hungr\u00eda han confirmado formalmente su participaci\u00f3n dentro de la UE.<\/p>\n<p style=\"text-align: justify;\">Bruselas ha expresado su disposici\u00f3n a colaborar en los esfuerzos de paz y reconstrucci\u00f3n en Gaza, pero ha solicitado mayor claridad sobre el marco legal y pol\u00edtico de la propuesta impulsada por la Casa Blanca.<\/p>\n","protected":false},"excerpt":{"rendered":"<p>Bruselas.- Los l\u00edderes de la Uni\u00f3n Europea (UE) se reunir\u00e1n este jueves para analizar el estado de su relaci\u00f3n con Estados Unidos, en una cumbre convocada de manera urgente tras la reciente decisi\u00f3n del presidente Donald Trump de retirar la amenaza de imponer nuevos aranceles a pa\u00edses europeos. La suspensi\u00f3n de las medidas comerciales se produjo despu\u00e9s de que Washington y la OTAN alcanzaran un principio de acuerdo sobre Groenlandia. No obstante, en Bruselas persiste la preocupaci\u00f3n por la inestabilidad de las relaciones transatl\u00e1nticas y la creciente imprevisibilidad de la pol\u00edtica exterior estadounidense. La reuni\u00f3n fue convocada por el presidente [&hellip;]<\/p>\n","protected":false},"author":2,"featured_media":191199,"comment_status":"closed","ping_status":"closed","sticky":false,"template":"","format":"standard","meta":{"_monsterinsights_skip_tracking":false,"_monsterinsights_sitenote_active":false,"_monsterinsights_sitenote_note":"","_monsterinsights_sitenote_category":0,"footnotes":""},"categories":[44],"tags":[],"class_list":["post-191198","post","type-post","status-publish","format-standard","has-post-thumbnail","hentry","category-internacional","post--single"],"_links":{"self":[{"href":"https:\/\/canal7slp.tv\/2026\/wp-json\/wp\/v2\/posts\/191198","targetHints":{"allow":["GET"]}}],"collection":[{"href":"https:\/\/canal7slp.tv\/2026\/wp-json\/wp\/v2\/posts"}],"about":[{"href":"https:\/\/canal7slp.tv\/2026\/wp-json\/wp\/v2\/types\/post"}],"author":[{"embeddable":true,"href":"https:\/\/canal7slp.tv\/2026\/wp-json\/wp\/v2\/users\/2"}],"replies":[{"embeddable":true,"href":"https:\/\/canal7slp.tv\/2026\/wp-json\/wp\/v2\/comments?post=191198"}],"version-history":[{"count":2,"href":"https:\/\/canal7slp.tv\/2026\/wp-json\/wp\/v2\/posts\/191198\/revisions"}],"predecessor-version":[{"id":191201,"href":"https:\/\/canal7slp.tv\/2026\/wp-json\/wp\/v2\/posts\/191198\/revisions\/191201"}],"wp:featuredmedia":[{"embeddable":true,"href":"https:\/\/canal7slp.tv\/2026\/wp-json\/wp\/v2\/media\/191199"}],"wp:attachment":[{"href":"https:\/\/canal7slp.tv\/2026\/wp-json\/wp\/v2\/media?parent=191198"}],"wp:term":[{"taxonomy":"category","embeddable":true,"href":"https:\/\/canal7slp.tv\/2026\/wp-json\/wp\/v2\/categories?post=191198"},{"taxonomy":"post_tag","embeddable":true,"href":"https:\/\/canal7slp.tv\/2026\/wp-json\/wp\/v2\/tags?post=191198"}],"curies":[{"name":"wp","href":"https:\/\/api.w.org\/{rel}","templated":true}]}}