{"id":191164,"date":"2026-01-22T14:14:26","date_gmt":"2026-01-22T20:14:26","guid":{"rendered":"https:\/\/canal7slp.tv\/2026\/?p=191164"},"modified":"2026-01-22T14:14:26","modified_gmt":"2026-01-22T20:14:26","slug":"scjn-analizara-posible-reduccion-de-condena-de-mario-aburto","status":"publish","type":"post","link":"https:\/\/canal7slp.tv\/2026\/scjn-analizara-posible-reduccion-de-condena-de-mario-aburto\/","title":{"rendered":"SCJN analizar\u00e1 posible reducci\u00f3n de condena de Mario Aburto"},"content":{"rendered":"<p style=\"text-align: justify;\">M\u00e9xico.- La nueva Suprema Corte de Justicia de la Naci\u00f3n (SCJN) decidi\u00f3 atraer el caso de Mario Aburto Mart\u00ednez, asesino confeso del excandidato presidencial del PRI, Luis Donaldo Colosio Murrieta. Con seis votos a favor, el pleno ejerci\u00f3 su facultad para revisar el amparo concedido por el Primer Tribunal Colegiado en Materia Penal, con sede en el Estado de M\u00e9xico.<\/p>\n<p style=\"text-align: justify;\">Dicho tribunal hab\u00eda anulado la sentencia de 45 a\u00f1os de prisi\u00f3n impuesta a Aburto por el delito de homicidio, al considerar que el proceso debi\u00f3 llevarse en el fuero com\u00fan y no en el fuero federal, lo que abrir\u00eda la posibilidad de una reducci\u00f3n de la condena.<\/p>\n<p style=\"text-align: justify;\">El asunto ser\u00e1 turnado a uno de los ministros de la Corte para la elaboraci\u00f3n del proyecto de sentencia. No obstante, la ministra Sara Irene Herrer\u00edas Guerra se declar\u00f3 impedida para participar en la discusi\u00f3n y votaci\u00f3n, debido a que anteriormente se desempe\u00f1\u00f3 como fiscal de derechos humanos en la Fiscal\u00eda General de la Rep\u00fablica (FGR).<\/p>\n<p style=\"text-align: justify;\">El ministro ponente presentar\u00e1 su propuesta al pleno, que deber\u00e1 determinar si se confirma o revierte la decisi\u00f3n del tribunal colegiado.<\/p>\n<p style=\"text-align: justify;\">Cabe recordar que en octubre de 2023, el Primer Tribunal Colegiado dej\u00f3 sin efectos la condena de 45 a\u00f1os de prisi\u00f3n y orden\u00f3 imponer una nueva pena conforme al C\u00f3digo Penal de Baja California vigente en 1994, a\u00f1o en que ocurri\u00f3 el magnicidio en Lomas Taurinas, Tijuana.<\/p>\n<p style=\"text-align: justify;\">Es importante recordar que en ese entonces, el delito de homicidio doloso se castigaba con una pena de entre 15 y 30 a\u00f1os de c\u00e1rcel, lo que podr\u00eda significar una reducci\u00f3n sustancial en la sentencia de Aburto, quien lleva casi tres d\u00e9cadas en prisi\u00f3n.<\/p>\n","protected":false},"excerpt":{"rendered":"<p>M\u00e9xico.- La nueva Suprema Corte de Justicia de la Naci\u00f3n (SCJN) decidi\u00f3 atraer el caso de Mario Aburto Mart\u00ednez, asesino confeso del excandidato presidencial del PRI, Luis Donaldo Colosio Murrieta. Con seis votos a favor, el pleno ejerci\u00f3 su facultad para revisar el amparo concedido por el Primer Tribunal Colegiado en Materia Penal, con sede en el Estado de M\u00e9xico. Dicho tribunal hab\u00eda anulado la sentencia de 45 a\u00f1os de prisi\u00f3n impuesta a Aburto por el delito de homicidio, al considerar que el proceso debi\u00f3 llevarse en el fuero com\u00fan y no en el fuero federal, lo que abrir\u00eda la [&hellip;]<\/p>\n","protected":false},"author":2,"featured_media":191165,"comment_status":"closed","ping_status":"closed","sticky":false,"template":"","format":"standard","meta":{"_monsterinsights_skip_tracking":false,"_monsterinsights_sitenote_active":false,"_monsterinsights_sitenote_note":"","_monsterinsights_sitenote_category":0,"footnotes":""},"categories":[46],"tags":[],"class_list":["post-191164","post","type-post","status-publish","format-standard","has-post-thumbnail","hentry","category-nacional","post--single"],"_links":{"self":[{"href":"https:\/\/canal7slp.tv\/2026\/wp-json\/wp\/v2\/posts\/191164","targetHints":{"allow":["GET"]}}],"collection":[{"href":"https:\/\/canal7slp.tv\/2026\/wp-json\/wp\/v2\/posts"}],"about":[{"href":"https:\/\/canal7slp.tv\/2026\/wp-json\/wp\/v2\/types\/post"}],"author":[{"embeddable":true,"href":"https:\/\/canal7slp.tv\/2026\/wp-json\/wp\/v2\/users\/2"}],"replies":[{"embeddable":true,"href":"https:\/\/canal7slp.tv\/2026\/wp-json\/wp\/v2\/comments?post=191164"}],"version-history":[{"count":1,"href":"https:\/\/canal7slp.tv\/2026\/wp-json\/wp\/v2\/posts\/191164\/revisions"}],"predecessor-version":[{"id":191166,"href":"https:\/\/canal7slp.tv\/2026\/wp-json\/wp\/v2\/posts\/191164\/revisions\/191166"}],"wp:featuredmedia":[{"embeddable":true,"href":"https:\/\/canal7slp.tv\/2026\/wp-json\/wp\/v2\/media\/191165"}],"wp:attachment":[{"href":"https:\/\/canal7slp.tv\/2026\/wp-json\/wp\/v2\/media?parent=191164"}],"wp:term":[{"taxonomy":"category","embeddable":true,"href":"https:\/\/canal7slp.tv\/2026\/wp-json\/wp\/v2\/categories?post=191164"},{"taxonomy":"post_tag","embeddable":true,"href":"https:\/\/canal7slp.tv\/2026\/wp-json\/wp\/v2\/tags?post=191164"}],"curies":[{"name":"wp","href":"https:\/\/api.w.org\/{rel}","templated":true}]}}