{"id":191161,"date":"2026-01-22T14:01:59","date_gmt":"2026-01-22T20:01:59","guid":{"rendered":"https:\/\/canal7slp.tv\/2026\/?p=191161"},"modified":"2026-01-22T14:01:59","modified_gmt":"2026-01-22T20:01:59","slug":"sube-a-45-el-numero-de-muertos-tras-accidente-ferroviario-en-espana","status":"publish","type":"post","link":"https:\/\/canal7slp.tv\/2026\/sube-a-45-el-numero-de-muertos-tras-accidente-ferroviario-en-espana\/","title":{"rendered":"Sube a 45 el n\u00famero de muertos tras accidente ferroviario en Espa\u00f1a"},"content":{"rendered":"<p style=\"text-align: justify;\">Adamuz.- El n\u00famero de v\u00edctimas mortales por el tr\u00e1gico accidente ferroviario ocurrido en Adamuz, en el sur de Espa\u00f1a, ascendi\u00f3 este jueves a 45, luego del hallazgo de dos cuerpos m\u00e1s por parte de los servicios de emergencia.<\/p>\n<p style=\"text-align: justify;\">Las labores de b\u00fasqueda se intensificaron en las \u00faltimas horas, tras varios d\u00edas de trabajo desde que, el pasado domingo, un tren de alta velocidad descarril\u00f3, invadi\u00f3 la v\u00eda contigua y colision\u00f3 con otro convoy, provocando que ambos trenes se salieran de las v\u00edas.<\/p>\n<p style=\"text-align: justify;\">Los dos \u00faltimos cuerpos fueron localizados debajo del tren de Renfe, con lo que se complet\u00f3 la localizaci\u00f3n de todas las v\u00edctimas, de acuerdo con las denuncias presentadas por familiares.<\/p>\n<p style=\"text-align: justify;\">Hasta el momento, el servicio de criminal\u00edstica de la Guardia Civil ha logrado identificar a 44 de las 45 personas fallecidas: 43 mediante huellas dactilares y 23 a trav\u00e9s de an\u00e1lisis de ADN, mientras que una v\u00edctima fue identificada exclusivamente por pruebas gen\u00e9ticas.<\/p>\n<p style=\"text-align: justify;\">El Instituto de Medicina Legal y Ciencias Forenses de C\u00f3rdoba practic\u00f3 autopsias a las primeras 43 v\u00edctimas recuperadas. De las 45 denuncias interpuestas ante la Guardia Civil, la mayor\u00eda corresponde a ciudadanos espa\u00f1oles, aunque tambi\u00e9n se registraron tres casos de personas procedentes de Marruecos, Rusia y Alemania.<\/p>\n<p style=\"text-align: justify;\">De los fallecidos, 39 viajaban en el tren de Renfe, que cubr\u00eda la ruta Madrid-Huelva, mientras que seis se encontraban en el tren de la empresa Iryo, que se dirig\u00eda a Madrid desde M\u00e1laga y que fue el primero en descarrilar.<\/p>\n<p style=\"text-align: justify;\">Las familias fueron notificadas oficialmente por la Guardia Civil, que despleg\u00f3 equipos de psic\u00f3logos para brindar acompa\u00f1amiento emocional. Hasta ahora, 39 cuerpos han sido entregados a los familiares, mientras que los procedimientos legales contin\u00faan en el juzgado para los casos restantes.<\/p>\n","protected":false},"excerpt":{"rendered":"<p>Adamuz.- El n\u00famero de v\u00edctimas mortales por el tr\u00e1gico accidente ferroviario ocurrido en Adamuz, en el sur de Espa\u00f1a, ascendi\u00f3 este jueves a 45, luego del hallazgo de dos cuerpos m\u00e1s por parte de los servicios de emergencia. Las labores de b\u00fasqueda se intensificaron en las \u00faltimas horas, tras varios d\u00edas de trabajo desde que, el pasado domingo, un tren de alta velocidad descarril\u00f3, invadi\u00f3 la v\u00eda contigua y colision\u00f3 con otro convoy, provocando que ambos trenes se salieran de las v\u00edas. Los dos \u00faltimos cuerpos fueron localizados debajo del tren de Renfe, con lo que se complet\u00f3 la localizaci\u00f3n [&hellip;]<\/p>\n","protected":false},"author":2,"featured_media":191162,"comment_status":"closed","ping_status":"closed","sticky":false,"template":"","format":"standard","meta":{"_monsterinsights_skip_tracking":false,"_monsterinsights_sitenote_active":false,"_monsterinsights_sitenote_note":"","_monsterinsights_sitenote_category":0,"footnotes":""},"categories":[1],"tags":[],"class_list":["post-191161","post","type-post","status-publish","format-standard","has-post-thumbnail","hentry","category-uncategorized","post--single"],"_links":{"self":[{"href":"https:\/\/canal7slp.tv\/2026\/wp-json\/wp\/v2\/posts\/191161","targetHints":{"allow":["GET"]}}],"collection":[{"href":"https:\/\/canal7slp.tv\/2026\/wp-json\/wp\/v2\/posts"}],"about":[{"href":"https:\/\/canal7slp.tv\/2026\/wp-json\/wp\/v2\/types\/post"}],"author":[{"embeddable":true,"href":"https:\/\/canal7slp.tv\/2026\/wp-json\/wp\/v2\/users\/2"}],"replies":[{"embeddable":true,"href":"https:\/\/canal7slp.tv\/2026\/wp-json\/wp\/v2\/comments?post=191161"}],"version-history":[{"count":1,"href":"https:\/\/canal7slp.tv\/2026\/wp-json\/wp\/v2\/posts\/191161\/revisions"}],"predecessor-version":[{"id":191163,"href":"https:\/\/canal7slp.tv\/2026\/wp-json\/wp\/v2\/posts\/191161\/revisions\/191163"}],"wp:featuredmedia":[{"embeddable":true,"href":"https:\/\/canal7slp.tv\/2026\/wp-json\/wp\/v2\/media\/191162"}],"wp:attachment":[{"href":"https:\/\/canal7slp.tv\/2026\/wp-json\/wp\/v2\/media?parent=191161"}],"wp:term":[{"taxonomy":"category","embeddable":true,"href":"https:\/\/canal7slp.tv\/2026\/wp-json\/wp\/v2\/categories?post=191161"},{"taxonomy":"post_tag","embeddable":true,"href":"https:\/\/canal7slp.tv\/2026\/wp-json\/wp\/v2\/tags?post=191161"}],"curies":[{"name":"wp","href":"https:\/\/api.w.org\/{rel}","templated":true}]}}