{"id":191155,"date":"2026-01-22T13:38:31","date_gmt":"2026-01-22T19:38:31","guid":{"rendered":"https:\/\/canal7slp.tv\/2026\/?p=191155"},"modified":"2026-01-22T13:38:31","modified_gmt":"2026-01-22T19:38:31","slug":"maria-inmaculada-de-la-santisima-trinidad-es-declarada-venerable","status":"publish","type":"post","link":"https:\/\/canal7slp.tv\/2026\/maria-inmaculada-de-la-santisima-trinidad-es-declarada-venerable\/","title":{"rendered":"Mar\u00eda Inmaculada de la Sant\u00edsima Trinidad es declarada Venerable"},"content":{"rendered":"<p style=\"text-align: justify;\">El Vaticano.- El papa Le\u00f3n XIV aprob\u00f3 este jueves un decreto que reconoce las \u201cvirtudes heroicas\u201d de la religiosa brasile\u00f1a Mar\u00eda Inmaculada de la Sant\u00edsima Trinidad, un paso decisivo en su camino hacia la beatificaci\u00f3n.<\/p>\n<p style=\"text-align: justify;\">Nacida como Mar\u00eda Giselda Villela en 1909 en el estado de Minas Gerais, Brasil, fue fundadora del monasterio de las Carmelitas Descalzas de Pouso Alegre y falleci\u00f3 en 1988.<\/p>\n<p style=\"text-align: justify;\">Su vocaci\u00f3n religiosa se consolid\u00f3 tras superar un tumor canceroso en su adolescencia, experiencia que marc\u00f3 profundamente su vida espiritual y la llev\u00f3 a descubrir los escritos de Santa Teresita del Ni\u00f1o Jes\u00fas, que influir\u00edan decisivamente en su camino. En 1930 ingres\u00f3 al monasterio de las Carmelitas Descalzas de Campinas, donde adopt\u00f3 su nombre religioso.<\/p>\n<p style=\"text-align: justify;\">En 1943 inici\u00f3 la fundaci\u00f3n del monasterio de Pouso Alegre. A pesar de las dificultades iniciales, que provocaron que varias de sus compa\u00f1eras regresaran a su convento de origen, Mar\u00eda Inmaculada permaneci\u00f3 al frente de la comunidad durante 43 a\u00f1os, gui\u00e1ndola con fidelidad a la Iglesia y al carisma teresiano.<\/p>\n<p style=\"text-align: justify;\">Antes de su muerte, ofreci\u00f3 su vida por la unidad de la Iglesia, en un contexto de divisiones internas, y trabaj\u00f3 en la preparaci\u00f3n de nuevas fundaciones de su orden, promoviendo su expansi\u00f3n en distintas regiones de Brasil.<\/p>\n<p style=\"text-align: justify;\">Es importante se\u00f1alar que el proceso hacia la santidad contempla varias etapas: primero una persona es reconocida como Siervo de Dios, luego Venerable, despu\u00e9s Beato y finalmente Santo. El t\u00edtulo de Venerable Siervo de Dios se otorga a quienes han vivido las virtudes cristianas de manera heroica. Para la beatificaci\u00f3n se requiere un milagro atribuido a su intercesi\u00f3n, y para la canonizaci\u00f3n, un segundo milagro ocurrido despu\u00e9s de ser beatificado.<\/p>\n","protected":false},"excerpt":{"rendered":"<p>El Vaticano.- El papa Le\u00f3n XIV aprob\u00f3 este jueves un decreto que reconoce las \u201cvirtudes heroicas\u201d de la religiosa brasile\u00f1a Mar\u00eda Inmaculada de la Sant\u00edsima Trinidad, un paso decisivo en su camino hacia la beatificaci\u00f3n. Nacida como Mar\u00eda Giselda Villela en 1909 en el estado de Minas Gerais, Brasil, fue fundadora del monasterio de las Carmelitas Descalzas de Pouso Alegre y falleci\u00f3 en 1988. Su vocaci\u00f3n religiosa se consolid\u00f3 tras superar un tumor canceroso en su adolescencia, experiencia que marc\u00f3 profundamente su vida espiritual y la llev\u00f3 a descubrir los escritos de Santa Teresita del Ni\u00f1o Jes\u00fas, que influir\u00edan decisivamente [&hellip;]<\/p>\n","protected":false},"author":2,"featured_media":191156,"comment_status":"closed","ping_status":"closed","sticky":false,"template":"","format":"standard","meta":{"_monsterinsights_skip_tracking":false,"_monsterinsights_sitenote_active":false,"_monsterinsights_sitenote_note":"","_monsterinsights_sitenote_category":0,"footnotes":""},"categories":[44],"tags":[],"class_list":["post-191155","post","type-post","status-publish","format-standard","has-post-thumbnail","hentry","category-internacional","post--single"],"_links":{"self":[{"href":"https:\/\/canal7slp.tv\/2026\/wp-json\/wp\/v2\/posts\/191155","targetHints":{"allow":["GET"]}}],"collection":[{"href":"https:\/\/canal7slp.tv\/2026\/wp-json\/wp\/v2\/posts"}],"about":[{"href":"https:\/\/canal7slp.tv\/2026\/wp-json\/wp\/v2\/types\/post"}],"author":[{"embeddable":true,"href":"https:\/\/canal7slp.tv\/2026\/wp-json\/wp\/v2\/users\/2"}],"replies":[{"embeddable":true,"href":"https:\/\/canal7slp.tv\/2026\/wp-json\/wp\/v2\/comments?post=191155"}],"version-history":[{"count":1,"href":"https:\/\/canal7slp.tv\/2026\/wp-json\/wp\/v2\/posts\/191155\/revisions"}],"predecessor-version":[{"id":191157,"href":"https:\/\/canal7slp.tv\/2026\/wp-json\/wp\/v2\/posts\/191155\/revisions\/191157"}],"wp:featuredmedia":[{"embeddable":true,"href":"https:\/\/canal7slp.tv\/2026\/wp-json\/wp\/v2\/media\/191156"}],"wp:attachment":[{"href":"https:\/\/canal7slp.tv\/2026\/wp-json\/wp\/v2\/media?parent=191155"}],"wp:term":[{"taxonomy":"category","embeddable":true,"href":"https:\/\/canal7slp.tv\/2026\/wp-json\/wp\/v2\/categories?post=191155"},{"taxonomy":"post_tag","embeddable":true,"href":"https:\/\/canal7slp.tv\/2026\/wp-json\/wp\/v2\/tags?post=191155"}],"curies":[{"name":"wp","href":"https:\/\/api.w.org\/{rel}","templated":true}]}}