{"id":191099,"date":"2026-01-21T19:07:43","date_gmt":"2026-01-22T01:07:43","guid":{"rendered":"https:\/\/canal7slp.tv\/2026\/?p=191099"},"modified":"2026-01-21T19:08:10","modified_gmt":"2026-01-22T01:08:10","slug":"pese-reduccion-de-flujo-de-usuarios-diversifican-nacionalidades-en-casa-del-migrante","status":"publish","type":"post","link":"https:\/\/canal7slp.tv\/2026\/pese-reduccion-de-flujo-de-usuarios-diversifican-nacionalidades-en-casa-del-migrante\/","title":{"rendered":"Pese reducci\u00f3n de flujo de usuarios, diversifican nacionalidades en Casa del Migrante"},"content":{"rendered":"<p style=\"text-align: justify;\"><span style=\"font-size: 1.21429rem;\">SLP.- El vocero del Arzobispado de San Luis Potos\u00ed, Tom\u00e1s Cruz Perales, se\u00f1al\u00f3 que a pesar de las bajas temperaturas, la cantidad de usuarios de la Casa del Migrante es baja en comparaci\u00f3n a a\u00f1os anteriores.<\/span><\/p>\n<p style=\"text-align: justify;\">\u201cEl padre me dec\u00eda que est\u00e1n atendiendo entre 10 y 120 personas cada d\u00eda, como saben ustedes la din\u00e1mica son 72 horas sobre todo para los varones que ingresan y se da la atenci\u00f3n (\u2026) ni\u00f1os y mujeres tienen la disposici\u00f3n del espacio de una manera muy particular\u201d.<\/p>\n<p style=\"text-align: justify;\">Si bien ha disminuido la cifra de usuarios, se han ampliado los pa\u00edses de donde arriban.<\/p>\n<p style=\"text-align: justify;\">\u201cEst\u00e1 este fen\u00f3meno tambi\u00e9n, incluso la presencia de africanos que en esta semana hubo cinco de Angola, dos del Congo, uno de Ghana\u201d.<\/p>\n<p style=\"text-align: justify;\">Cuestionado sobre la cantidad de personas que llegan a la Casa del Migrante debido a las pol\u00edticas migratorias del presidente de los Estados Unidos, Donald Trump, el vocero se\u00f1al\u00f3.<\/p>\n<p style=\"text-align: justify;\">\u201cHa bajado much\u00edsimo, recuerden que incluso ha habido a\u00f1os, no s\u00e9 si el a\u00f1o pasado o antepasado la casa fue abarrotada en todos los aspectos\u201d.<\/p>\n<p style=\"text-align: justify;\">La ocupaci\u00f3n se estima en menos del 50%.<\/p>\n<p style=\"text-align: justify;\">\u201cPara que no colapse un l\u00edmite de 250, 280 personas, ahorita estamos en 100, 120, pues obviamente mucho muy debajo de lo que tolerar\u00eda la casa\u201d.<\/p>\n<p style=\"text-align: justify;\">Asever\u00f3 que mediante los bazares de C\u00e1ritas se brinda ropa, comida y medicina a las personas que m\u00e1s lo necesitan, por lo que invit\u00f3 a la poblaci\u00f3n que as\u00ed lo pueda a donar ropa y otros art\u00edculos en buen estado a favor de los que menos tienen.<\/p>\n<p>Por: Juan Carlos COntreras<\/p>\n","protected":false},"excerpt":{"rendered":"<p>SLP.- El vocero del Arzobispado de San Luis Potos\u00ed, Tom\u00e1s Cruz Perales, se\u00f1al\u00f3 que a pesar de las bajas temperaturas, la cantidad de usuarios de la Casa del Migrante es baja en comparaci\u00f3n a a\u00f1os anteriores. \u201cEl padre me dec\u00eda que est\u00e1n atendiendo entre 10 y 120 personas cada d\u00eda, como saben ustedes la din\u00e1mica son 72 horas sobre todo para los varones que ingresan y se da la atenci\u00f3n (\u2026) ni\u00f1os y mujeres tienen la disposici\u00f3n del espacio de una manera muy particular\u201d. Si bien ha disminuido la cifra de usuarios, se han ampliado los pa\u00edses de donde arriban. [&hellip;]<\/p>\n","protected":false},"author":2,"featured_media":191115,"comment_status":"closed","ping_status":"closed","sticky":false,"template":"","format":"video","meta":{"_monsterinsights_skip_tracking":false,"_monsterinsights_sitenote_active":false,"_monsterinsights_sitenote_note":"","_monsterinsights_sitenote_category":0,"footnotes":""},"categories":[5,45],"tags":[],"class_list":["post-191099","post","type-post","status-publish","format-video","has-post-thumbnail","hentry","category-destacadas","category-localesyregionales","post_format-post-format-video","post--single"],"_links":{"self":[{"href":"https:\/\/canal7slp.tv\/2026\/wp-json\/wp\/v2\/posts\/191099","targetHints":{"allow":["GET"]}}],"collection":[{"href":"https:\/\/canal7slp.tv\/2026\/wp-json\/wp\/v2\/posts"}],"about":[{"href":"https:\/\/canal7slp.tv\/2026\/wp-json\/wp\/v2\/types\/post"}],"author":[{"embeddable":true,"href":"https:\/\/canal7slp.tv\/2026\/wp-json\/wp\/v2\/users\/2"}],"replies":[{"embeddable":true,"href":"https:\/\/canal7slp.tv\/2026\/wp-json\/wp\/v2\/comments?post=191099"}],"version-history":[{"count":2,"href":"https:\/\/canal7slp.tv\/2026\/wp-json\/wp\/v2\/posts\/191099\/revisions"}],"predecessor-version":[{"id":191123,"href":"https:\/\/canal7slp.tv\/2026\/wp-json\/wp\/v2\/posts\/191099\/revisions\/191123"}],"wp:featuredmedia":[{"embeddable":true,"href":"https:\/\/canal7slp.tv\/2026\/wp-json\/wp\/v2\/media\/191115"}],"wp:attachment":[{"href":"https:\/\/canal7slp.tv\/2026\/wp-json\/wp\/v2\/media?parent=191099"}],"wp:term":[{"taxonomy":"category","embeddable":true,"href":"https:\/\/canal7slp.tv\/2026\/wp-json\/wp\/v2\/categories?post=191099"},{"taxonomy":"post_tag","embeddable":true,"href":"https:\/\/canal7slp.tv\/2026\/wp-json\/wp\/v2\/tags?post=191099"}],"curies":[{"name":"wp","href":"https:\/\/api.w.org\/{rel}","templated":true}]}}