{"id":191095,"date":"2026-01-22T10:00:17","date_gmt":"2026-01-22T16:00:17","guid":{"rendered":"https:\/\/canal7slp.tv\/2026\/?p=191095"},"modified":"2026-01-21T23:41:36","modified_gmt":"2026-01-22T05:41:36","slug":"advierte-panista-de-la-necesidad-de-implementar-un-plan-de-acciones-rumbo-al-proceso-electoral-del-2027","status":"publish","type":"post","link":"https:\/\/canal7slp.tv\/2026\/advierte-panista-de-la-necesidad-de-implementar-un-plan-de-acciones-rumbo-al-proceso-electoral-del-2027\/","title":{"rendered":"Advierte panista de la necesidad de implementar un plan de acciones rumbo al proceso electoral del 2027"},"content":{"rendered":"<p style=\"text-align: justify;\"><span style=\"font-size: 1.21429rem;\">SLP.- Lidia Arg\u00fcello, exsecretaria adjunta del Comit\u00e9 Directivo Estatal del Partido Acci\u00f3n Nacional opin\u00f3 que el 2027 ser\u00e1 un a\u00f1o dif\u00edcil derivado, dijo, de una reforma electoral incierta propuesta por la presidenta Claudia Sheinbaum.<\/span><\/p>\n<p style=\"text-align: justify;\">En este contexto, consider\u00f3 que la dirigencia estatal de este partido debe aplicarse a fondo al afirmar que desconoce si su presidenta Ver\u00f3nica Rodr\u00edguez Hern\u00e1ndez, ya est\u00e1 trabajando en un plan de acciones para el pr\u00f3ximo proceso electoral local.<\/p>\n<p style=\"text-align: justify;\">Cuestionada sobre su actual situaci\u00f3n dentro de este partido luego de perder la contienda por la dirigencia estatal frente a Ver\u00f3nica Rodr\u00edguez Hern\u00e1ndez, afirm\u00f3 categ\u00f3rica que sigue siendo militante del PAN y que por el momento, solo se encuentra separada del partido temporalmente.<\/p>\n<p>Por: Claudio Ibarra<\/p>\n","protected":false},"excerpt":{"rendered":"<p>SLP.- Lidia Arg\u00fcello, exsecretaria adjunta del Comit\u00e9 Directivo Estatal del Partido Acci\u00f3n Nacional opin\u00f3 que el 2027 ser\u00e1 un a\u00f1o dif\u00edcil derivado, dijo, de una reforma electoral incierta propuesta por la presidenta Claudia Sheinbaum. En este contexto, consider\u00f3 que la dirigencia estatal de este partido debe aplicarse a fondo al afirmar que desconoce si su presidenta Ver\u00f3nica Rodr\u00edguez Hern\u00e1ndez, ya est\u00e1 trabajando en un plan de acciones para el pr\u00f3ximo proceso electoral local. Cuestionada sobre su actual situaci\u00f3n dentro de este partido luego de perder la contienda por la dirigencia estatal frente a Ver\u00f3nica Rodr\u00edguez Hern\u00e1ndez, afirm\u00f3 categ\u00f3rica que sigue [&hellip;]<\/p>\n","protected":false},"author":2,"featured_media":191144,"comment_status":"closed","ping_status":"closed","sticky":false,"template":"","format":"video","meta":{"_monsterinsights_skip_tracking":false,"_monsterinsights_sitenote_active":false,"_monsterinsights_sitenote_note":"","_monsterinsights_sitenote_category":0,"footnotes":""},"categories":[5,45],"tags":[],"class_list":["post-191095","post","type-post","status-publish","format-video","has-post-thumbnail","hentry","category-destacadas","category-localesyregionales","post_format-post-format-video","post--single"],"_links":{"self":[{"href":"https:\/\/canal7slp.tv\/2026\/wp-json\/wp\/v2\/posts\/191095","targetHints":{"allow":["GET"]}}],"collection":[{"href":"https:\/\/canal7slp.tv\/2026\/wp-json\/wp\/v2\/posts"}],"about":[{"href":"https:\/\/canal7slp.tv\/2026\/wp-json\/wp\/v2\/types\/post"}],"author":[{"embeddable":true,"href":"https:\/\/canal7slp.tv\/2026\/wp-json\/wp\/v2\/users\/2"}],"replies":[{"embeddable":true,"href":"https:\/\/canal7slp.tv\/2026\/wp-json\/wp\/v2\/comments?post=191095"}],"version-history":[{"count":3,"href":"https:\/\/canal7slp.tv\/2026\/wp-json\/wp\/v2\/posts\/191095\/revisions"}],"predecessor-version":[{"id":191145,"href":"https:\/\/canal7slp.tv\/2026\/wp-json\/wp\/v2\/posts\/191095\/revisions\/191145"}],"wp:featuredmedia":[{"embeddable":true,"href":"https:\/\/canal7slp.tv\/2026\/wp-json\/wp\/v2\/media\/191144"}],"wp:attachment":[{"href":"https:\/\/canal7slp.tv\/2026\/wp-json\/wp\/v2\/media?parent=191095"}],"wp:term":[{"taxonomy":"category","embeddable":true,"href":"https:\/\/canal7slp.tv\/2026\/wp-json\/wp\/v2\/categories?post=191095"},{"taxonomy":"post_tag","embeddable":true,"href":"https:\/\/canal7slp.tv\/2026\/wp-json\/wp\/v2\/tags?post=191095"}],"curies":[{"name":"wp","href":"https:\/\/api.w.org\/{rel}","templated":true}]}}