{"id":191093,"date":"2026-01-21T19:44:32","date_gmt":"2026-01-22T01:44:32","guid":{"rendered":"https:\/\/canal7slp.tv\/2026\/?p=191093"},"modified":"2026-01-21T19:44:32","modified_gmt":"2026-01-22T01:44:32","slug":"pide-diputado-federal-david-azuara-unidad-al-interior-del-cde-del-pan","status":"publish","type":"post","link":"https:\/\/canal7slp.tv\/2026\/pide-diputado-federal-david-azuara-unidad-al-interior-del-cde-del-pan\/","title":{"rendered":"Pide diputado federal David Azuara unidad al interior del CDE del PAN"},"content":{"rendered":"<p style=\"text-align: justify;\"><span style=\"font-size: 1.21429rem;\">SLP.- Al sostener una reuni\u00f3n con el dirigente nacional del PAN Jorge Romero Herrera el diputado federal de este partido David Azuara Z\u00fa\u00f1iga, revel\u00f3 que hubo instrucciones para reconstruir la unidad al interior del Comit\u00e9 Directivo Estatal encabezado por la senadora Ver\u00f3nica Rodr\u00edguez Hern\u00e1ndez.<\/span><\/p>\n<p style=\"text-align: justify;\">Flanqueado por la exsecretaria adjunta del Comit\u00e9 Directivo Estatal del PAN Lidia Arg\u00fcello y por el exdirigente estatal de este partido H\u00e9ctor Mendiz\u00e1bal, el legislador reconoci\u00f3 que se ha dado un proceso de di\u00e1logo abierto con la dirigencia nacional, en el marco de un escenario en donde, dijo, se han evidenciado fracturas y disputas internas por el control de este partido en San Luis Potos\u00ed.<\/p>\n<p style=\"text-align: justify;\">Cuestionado sobre el proceso electoral del 2027 el diputado federal rechaz\u00f3 ahondar en este tema al decir tambi\u00e9n, que no tiene claro a\u00fan si participar\u00e1 como candidato a la alcald\u00eda capitalina.<\/p>\n<p style=\"text-align: justify;\">Por: Claudio Ibarra<\/p>\n","protected":false},"excerpt":{"rendered":"<p>SLP.- Al sostener una reuni\u00f3n con el dirigente nacional del PAN Jorge Romero Herrera el diputado federal de este partido David Azuara Z\u00fa\u00f1iga, revel\u00f3 que hubo instrucciones para reconstruir la unidad al interior del Comit\u00e9 Directivo Estatal encabezado por la senadora Ver\u00f3nica Rodr\u00edguez Hern\u00e1ndez. Flanqueado por la exsecretaria adjunta del Comit\u00e9 Directivo Estatal del PAN Lidia Arg\u00fcello y por el exdirigente estatal de este partido H\u00e9ctor Mendiz\u00e1bal, el legislador reconoci\u00f3 que se ha dado un proceso de di\u00e1logo abierto con la dirigencia nacional, en el marco de un escenario en donde, dijo, se han evidenciado fracturas y disputas internas por [&hellip;]<\/p>\n","protected":false},"author":2,"featured_media":191131,"comment_status":"closed","ping_status":"closed","sticky":false,"template":"","format":"video","meta":{"_monsterinsights_skip_tracking":false,"_monsterinsights_sitenote_active":false,"_monsterinsights_sitenote_note":"","_monsterinsights_sitenote_category":0,"footnotes":""},"categories":[5,45],"tags":[],"class_list":["post-191093","post","type-post","status-publish","format-video","has-post-thumbnail","hentry","category-destacadas","category-localesyregionales","post_format-post-format-video","post--single"],"_links":{"self":[{"href":"https:\/\/canal7slp.tv\/2026\/wp-json\/wp\/v2\/posts\/191093","targetHints":{"allow":["GET"]}}],"collection":[{"href":"https:\/\/canal7slp.tv\/2026\/wp-json\/wp\/v2\/posts"}],"about":[{"href":"https:\/\/canal7slp.tv\/2026\/wp-json\/wp\/v2\/types\/post"}],"author":[{"embeddable":true,"href":"https:\/\/canal7slp.tv\/2026\/wp-json\/wp\/v2\/users\/2"}],"replies":[{"embeddable":true,"href":"https:\/\/canal7slp.tv\/2026\/wp-json\/wp\/v2\/comments?post=191093"}],"version-history":[{"count":2,"href":"https:\/\/canal7slp.tv\/2026\/wp-json\/wp\/v2\/posts\/191093\/revisions"}],"predecessor-version":[{"id":191132,"href":"https:\/\/canal7slp.tv\/2026\/wp-json\/wp\/v2\/posts\/191093\/revisions\/191132"}],"wp:featuredmedia":[{"embeddable":true,"href":"https:\/\/canal7slp.tv\/2026\/wp-json\/wp\/v2\/media\/191131"}],"wp:attachment":[{"href":"https:\/\/canal7slp.tv\/2026\/wp-json\/wp\/v2\/media?parent=191093"}],"wp:term":[{"taxonomy":"category","embeddable":true,"href":"https:\/\/canal7slp.tv\/2026\/wp-json\/wp\/v2\/categories?post=191093"},{"taxonomy":"post_tag","embeddable":true,"href":"https:\/\/canal7slp.tv\/2026\/wp-json\/wp\/v2\/tags?post=191093"}],"curies":[{"name":"wp","href":"https:\/\/api.w.org\/{rel}","templated":true}]}}