{"id":191083,"date":"2026-01-21T15:11:44","date_gmt":"2026-01-21T21:11:44","guid":{"rendered":"https:\/\/canal7slp.tv\/2026\/?p=191083"},"modified":"2026-01-21T15:11:44","modified_gmt":"2026-01-21T21:11:44","slug":"ecuador-impone-tasa-del-30-a-importaciones-colombianas","status":"publish","type":"post","link":"https:\/\/canal7slp.tv\/2026\/ecuador-impone-tasa-del-30-a-importaciones-colombianas\/","title":{"rendered":"Ecuador impone tasa del 30% a importaciones colombianas"},"content":{"rendered":"<p style=\"text-align: justify;\">Quito.- Ecuador anunci\u00f3 este mi\u00e9rcoles la imposici\u00f3n de una tasa unilateral del 30% a las importaciones provenientes de Colombia, al argumentar un d\u00e9ficit comercial cercano a los mil millones de d\u00f3lares y la falta de reciprocidad en materia de seguridad fronteriza.<\/p>\n<p style=\"text-align: justify;\">Desde Davos, donde participa en el Foro Econ\u00f3mico Mundial, el presidente Daniel Noboa se\u00f1al\u00f3 en su cuenta de X que Ecuador ha realizado \u201cesfuerzos reales de cooperaci\u00f3n con Colombia\u201d, pero que, mientras su pa\u00eds \u201cinsiste en el di\u00e1logo\u201d, las fuerzas armadas ecuatorianas contin\u00faan enfrentando a grupos criminales vinculados al narcotr\u00e1fico sin respaldo del gobierno colombiano.<\/p>\n<p style=\"text-align: justify;\">La medida entrar\u00e1 en vigor a partir del 1 de febrero y fue definida por Noboa como una \u201ctasa de seguridad\u201d aplicable a todos los productos importados desde Colombia.<\/p>\n<p style=\"text-align: justify;\">Tras el anuncio, el Ministerio de Defensa de Colombia respondi\u00f3 que la cooperaci\u00f3n bilateral ha generado \u201cresultados concretos contra el narcotr\u00e1fico transnacional\u201d, y cit\u00f3 como ejemplo la reciente incautaci\u00f3n de 2.24 toneladas de marihuana en la zona fronteriza.<\/p>\n<p style=\"text-align: justify;\">De acuerdo con cifras oficiales, la balanza comercial ha sido desfavorable para Ecuador. Entre enero y noviembre de 2024, el pa\u00eds export\u00f3 760 millones de d\u00f3lares, mientras que import\u00f3 1,866 millones de d\u00f3lares en productos colombianos. Para el mismo periodo de 2025, la Federaci\u00f3n de Exportadores de Ecuador estim\u00f3 que el d\u00e9ficit alcanz\u00f3 los 852 millones de d\u00f3lares.<\/p>\n<p style=\"text-align: justify;\">Ecuador importa principalmente energ\u00eda el\u00e9ctrica, medicamentos y productos de limpieza, mientras que exporta bienes primarios e industriales no petroleros, como enlatados de pescado y madera.<\/p>\n<p style=\"text-align: justify;\">El analista Jaime Carrera, presidente del Observatorio de la Pol\u00edtica Fiscal, advirti\u00f3 que la imposici\u00f3n de aranceles unilaterales podr\u00eda violar normas del comercio internacional y deteriorar la relaci\u00f3n bilateral. Hasta el momento, la Canciller\u00eda y el Ministerio de Producci\u00f3n de Ecuador no han respondido sobre la legalidad de la medida.<\/p>\n<p style=\"text-align: justify;\">Noboa subray\u00f3 que la tasa se mantendr\u00e1 hasta que exista un \u201ccompromiso real\u201d de ambos pa\u00edses para combatir el narcotr\u00e1fico y la miner\u00eda ilegal en la frontera com\u00fan, que se extiende por cerca de 700 kil\u00f3metros y es considerada una de las zonas m\u00e1s conflictivas de la regi\u00f3n.<\/p>\n","protected":false},"excerpt":{"rendered":"<p>Quito.- Ecuador anunci\u00f3 este mi\u00e9rcoles la imposici\u00f3n de una tasa unilateral del 30% a las importaciones provenientes de Colombia, al argumentar un d\u00e9ficit comercial cercano a los mil millones de d\u00f3lares y la falta de reciprocidad en materia de seguridad fronteriza. Desde Davos, donde participa en el Foro Econ\u00f3mico Mundial, el presidente Daniel Noboa se\u00f1al\u00f3 en su cuenta de X que Ecuador ha realizado \u201cesfuerzos reales de cooperaci\u00f3n con Colombia\u201d, pero que, mientras su pa\u00eds \u201cinsiste en el di\u00e1logo\u201d, las fuerzas armadas ecuatorianas contin\u00faan enfrentando a grupos criminales vinculados al narcotr\u00e1fico sin respaldo del gobierno colombiano. La medida entrar\u00e1 en [&hellip;]<\/p>\n","protected":false},"author":2,"featured_media":191084,"comment_status":"closed","ping_status":"closed","sticky":false,"template":"","format":"standard","meta":{"_monsterinsights_skip_tracking":false,"_monsterinsights_sitenote_active":false,"_monsterinsights_sitenote_note":"","_monsterinsights_sitenote_category":0,"footnotes":""},"categories":[40,44],"tags":[],"class_list":["post-191083","post","type-post","status-publish","format-standard","has-post-thumbnail","hentry","category-economia","category-internacional","post--single"],"_links":{"self":[{"href":"https:\/\/canal7slp.tv\/2026\/wp-json\/wp\/v2\/posts\/191083","targetHints":{"allow":["GET"]}}],"collection":[{"href":"https:\/\/canal7slp.tv\/2026\/wp-json\/wp\/v2\/posts"}],"about":[{"href":"https:\/\/canal7slp.tv\/2026\/wp-json\/wp\/v2\/types\/post"}],"author":[{"embeddable":true,"href":"https:\/\/canal7slp.tv\/2026\/wp-json\/wp\/v2\/users\/2"}],"replies":[{"embeddable":true,"href":"https:\/\/canal7slp.tv\/2026\/wp-json\/wp\/v2\/comments?post=191083"}],"version-history":[{"count":1,"href":"https:\/\/canal7slp.tv\/2026\/wp-json\/wp\/v2\/posts\/191083\/revisions"}],"predecessor-version":[{"id":191085,"href":"https:\/\/canal7slp.tv\/2026\/wp-json\/wp\/v2\/posts\/191083\/revisions\/191085"}],"wp:featuredmedia":[{"embeddable":true,"href":"https:\/\/canal7slp.tv\/2026\/wp-json\/wp\/v2\/media\/191084"}],"wp:attachment":[{"href":"https:\/\/canal7slp.tv\/2026\/wp-json\/wp\/v2\/media?parent=191083"}],"wp:term":[{"taxonomy":"category","embeddable":true,"href":"https:\/\/canal7slp.tv\/2026\/wp-json\/wp\/v2\/categories?post=191083"},{"taxonomy":"post_tag","embeddable":true,"href":"https:\/\/canal7slp.tv\/2026\/wp-json\/wp\/v2\/tags?post=191083"}],"curies":[{"name":"wp","href":"https:\/\/api.w.org\/{rel}","templated":true}]}}