{"id":191079,"date":"2026-01-21T14:59:44","date_gmt":"2026-01-21T20:59:44","guid":{"rendered":"https:\/\/canal7slp.tv\/2026\/?p=191079"},"modified":"2026-01-21T14:59:44","modified_gmt":"2026-01-21T20:59:44","slug":"gertz-manero-comparecera-ante-el-senado","status":"publish","type":"post","link":"https:\/\/canal7slp.tv\/2026\/gertz-manero-comparecera-ante-el-senado\/","title":{"rendered":"Gertz Manero comparecer\u00e1 ante el Senado"},"content":{"rendered":"<p style=\"text-align: justify;\">M\u00e9xico.- Alejandro Gertz Manero, candidato a embajador de M\u00e9xico en el Reino Unido, comparecer\u00e1 este jueves ante la Comisi\u00f3n Primera de Asuntos Pol\u00edticos e Internacionales de la Comisi\u00f3n Permanente, confirm\u00f3 la senadora de Morena Ver\u00f3nica Noem\u00ed Camino Farjat.<\/p>\n<p style=\"text-align: justify;\">La legisladora inform\u00f3 que la comparecencia est\u00e1 programada para las 11:30 horas, donde Gertz Manero expondr\u00e1 primero su postura y posteriormente responder\u00e1 a las preguntas de los distintos grupos parlamentarios.<\/p>\n<p style=\"text-align: justify;\">\u201cHaremos la notificaci\u00f3n a todos los integrantes para citarlos a la comisi\u00f3n\u201d, se\u00f1al\u00f3 Camino Farjat en entrevista con medios de comunicaci\u00f3n.<\/p>\n<p style=\"text-align: justify;\">Detall\u00f3 que, una vez concluida la ronda de preguntas, se abrir\u00e1 la discusi\u00f3n sobre la ratificaci\u00f3n del nombramiento.<\/p>\n<p style=\"text-align: justify;\">\u201cUna vez que concluyamos, si se aprueba \u2014que estamos seguros que as\u00ed ser\u00e1\u2014, pasaremos el dictamen a la Mesa Directiva para que sea procesado en la siguiente sesi\u00f3n\u201d, explic\u00f3.<\/p>\n<p style=\"text-align: justify;\">La senadora aclar\u00f3 que se descart\u00f3 un procedimiento de fast track y subray\u00f3 que el proceso se realizar\u00e1 de manera ordenada y en un ambiente de respeto.<\/p>\n<p style=\"text-align: justify;\">\u201cFuimos muy claros al se\u00f1alar que se llevar\u00eda a cabo un proceso formal\u201d, a\u00f1adi\u00f3, al indicar que tambi\u00e9n se reunir\u00e1n previamente con la Junta Directiva y los secretarios que acompa\u00f1ar\u00e1n al aspirante.<\/p>\n<p style=\"text-align: justify;\">De acuerdo con el calendario legislativo, se prev\u00e9 que Gertz Manero rinda protesta el pr\u00f3ximo lunes 26 de enero, en caso de que su nombramiento sea ratificado.<\/p>\n","protected":false},"excerpt":{"rendered":"<p>M\u00e9xico.- Alejandro Gertz Manero, candidato a embajador de M\u00e9xico en el Reino Unido, comparecer\u00e1 este jueves ante la Comisi\u00f3n Primera de Asuntos Pol\u00edticos e Internacionales de la Comisi\u00f3n Permanente, confirm\u00f3 la senadora de Morena Ver\u00f3nica Noem\u00ed Camino Farjat. La legisladora inform\u00f3 que la comparecencia est\u00e1 programada para las 11:30 horas, donde Gertz Manero expondr\u00e1 primero su postura y posteriormente responder\u00e1 a las preguntas de los distintos grupos parlamentarios. \u201cHaremos la notificaci\u00f3n a todos los integrantes para citarlos a la comisi\u00f3n\u201d, se\u00f1al\u00f3 Camino Farjat en entrevista con medios de comunicaci\u00f3n. Detall\u00f3 que, una vez concluida la ronda de preguntas, se abrir\u00e1 [&hellip;]<\/p>\n","protected":false},"author":2,"featured_media":191080,"comment_status":"closed","ping_status":"closed","sticky":false,"template":"","format":"standard","meta":{"_monsterinsights_skip_tracking":false,"_monsterinsights_sitenote_active":false,"_monsterinsights_sitenote_note":"","_monsterinsights_sitenote_category":0,"footnotes":""},"categories":[46],"tags":[],"class_list":["post-191079","post","type-post","status-publish","format-standard","has-post-thumbnail","hentry","category-nacional","post--single"],"_links":{"self":[{"href":"https:\/\/canal7slp.tv\/2026\/wp-json\/wp\/v2\/posts\/191079","targetHints":{"allow":["GET"]}}],"collection":[{"href":"https:\/\/canal7slp.tv\/2026\/wp-json\/wp\/v2\/posts"}],"about":[{"href":"https:\/\/canal7slp.tv\/2026\/wp-json\/wp\/v2\/types\/post"}],"author":[{"embeddable":true,"href":"https:\/\/canal7slp.tv\/2026\/wp-json\/wp\/v2\/users\/2"}],"replies":[{"embeddable":true,"href":"https:\/\/canal7slp.tv\/2026\/wp-json\/wp\/v2\/comments?post=191079"}],"version-history":[{"count":2,"href":"https:\/\/canal7slp.tv\/2026\/wp-json\/wp\/v2\/posts\/191079\/revisions"}],"predecessor-version":[{"id":191082,"href":"https:\/\/canal7slp.tv\/2026\/wp-json\/wp\/v2\/posts\/191079\/revisions\/191082"}],"wp:featuredmedia":[{"embeddable":true,"href":"https:\/\/canal7slp.tv\/2026\/wp-json\/wp\/v2\/media\/191080"}],"wp:attachment":[{"href":"https:\/\/canal7slp.tv\/2026\/wp-json\/wp\/v2\/media?parent=191079"}],"wp:term":[{"taxonomy":"category","embeddable":true,"href":"https:\/\/canal7slp.tv\/2026\/wp-json\/wp\/v2\/categories?post=191079"},{"taxonomy":"post_tag","embeddable":true,"href":"https:\/\/canal7slp.tv\/2026\/wp-json\/wp\/v2\/tags?post=191079"}],"curies":[{"name":"wp","href":"https:\/\/api.w.org\/{rel}","templated":true}]}}