{"id":191017,"date":"2026-01-20T20:32:31","date_gmt":"2026-01-21T02:32:31","guid":{"rendered":"https:\/\/canal7slp.tv\/2026\/?p=191017"},"modified":"2026-01-20T20:32:31","modified_gmt":"2026-01-21T02:32:31","slug":"salud-mental-y-prevencion-de-adicciones-retos-del-nuevo-director-de-la-juventud-en-soledad-de-graciano-sanchez","status":"publish","type":"post","link":"https:\/\/canal7slp.tv\/2026\/salud-mental-y-prevencion-de-adicciones-retos-del-nuevo-director-de-la-juventud-en-soledad-de-graciano-sanchez\/","title":{"rendered":"Salud mental y prevenci\u00f3n de adicciones retos del nuevo director de la Juventud en Soledad de Graciano S\u00e1nchez"},"content":{"rendered":"<p style=\"text-align: justify;\"><span style=\"font-size: 1.21429rem;\">SGS.- Luego de que recientemente fuera nombrado como nuevo titular de la direcci\u00f3n de la Juventud en el municipio de Soledad de Graciano S\u00e1nchez, Juan Jes\u00fas Ferrer Torres afirm\u00f3 que la salud mental y el combate contra las adicciones entre los j\u00f3venes ser\u00e1n temas prioritarios en el \u00e1rea a su cargo.<\/span><\/p>\n<p style=\"text-align: justify;\">En este contexto se\u00f1al\u00f3 que a trav\u00e9s de programas preventivos lanzar\u00e1n brigadas escolares y redes de apoyo para detectar el consumo de sustancias prohibidas.<\/p>\n<p style=\"text-align: justify;\">El funcionario municipal dijo tambi\u00e9n que si bien no se cuenta con cifras exactas del n\u00famero de j\u00f3venes en este municipio con problemas de salud mental, se implementar\u00e1n programas de atenci\u00f3n psicol\u00f3gica y un n\u00famero telef\u00f3nico de atenci\u00f3n gratuitos.<\/p>\n<p style=\"text-align: justify;\">Se\u00f1al\u00f3 que con esta medida se pretende crear redes de apoyo comunitario que eviten el aislamiento de los j\u00f3venes \u00f3 que caigan en cuadros depresivos.<\/p>\n<p style=\"text-align: justify;\">Por: Claudio Ibarra<\/p>\n","protected":false},"excerpt":{"rendered":"<p>SGS.- Luego de que recientemente fuera nombrado como nuevo titular de la direcci\u00f3n de la Juventud en el municipio de Soledad de Graciano S\u00e1nchez, Juan Jes\u00fas Ferrer Torres afirm\u00f3 que la salud mental y el combate contra las adicciones entre los j\u00f3venes ser\u00e1n temas prioritarios en el \u00e1rea a su cargo. En este contexto se\u00f1al\u00f3 que a trav\u00e9s de programas preventivos lanzar\u00e1n brigadas escolares y redes de apoyo para detectar el consumo de sustancias prohibidas. El funcionario municipal dijo tambi\u00e9n que si bien no se cuenta con cifras exactas del n\u00famero de j\u00f3venes en este municipio con problemas de salud [&hellip;]<\/p>\n","protected":false},"author":2,"featured_media":191028,"comment_status":"closed","ping_status":"closed","sticky":false,"template":"","format":"video","meta":{"_monsterinsights_skip_tracking":false,"_monsterinsights_sitenote_active":false,"_monsterinsights_sitenote_note":"","_monsterinsights_sitenote_category":0,"footnotes":""},"categories":[512,5,45],"tags":[],"class_list":["post-191017","post","type-post","status-publish","format-video","has-post-thumbnail","hentry","category-ayosgs","category-destacadas","category-localesyregionales","post_format-post-format-video","post--single"],"_links":{"self":[{"href":"https:\/\/canal7slp.tv\/2026\/wp-json\/wp\/v2\/posts\/191017","targetHints":{"allow":["GET"]}}],"collection":[{"href":"https:\/\/canal7slp.tv\/2026\/wp-json\/wp\/v2\/posts"}],"about":[{"href":"https:\/\/canal7slp.tv\/2026\/wp-json\/wp\/v2\/types\/post"}],"author":[{"embeddable":true,"href":"https:\/\/canal7slp.tv\/2026\/wp-json\/wp\/v2\/users\/2"}],"replies":[{"embeddable":true,"href":"https:\/\/canal7slp.tv\/2026\/wp-json\/wp\/v2\/comments?post=191017"}],"version-history":[{"count":2,"href":"https:\/\/canal7slp.tv\/2026\/wp-json\/wp\/v2\/posts\/191017\/revisions"}],"predecessor-version":[{"id":191030,"href":"https:\/\/canal7slp.tv\/2026\/wp-json\/wp\/v2\/posts\/191017\/revisions\/191030"}],"wp:featuredmedia":[{"embeddable":true,"href":"https:\/\/canal7slp.tv\/2026\/wp-json\/wp\/v2\/media\/191028"}],"wp:attachment":[{"href":"https:\/\/canal7slp.tv\/2026\/wp-json\/wp\/v2\/media?parent=191017"}],"wp:term":[{"taxonomy":"category","embeddable":true,"href":"https:\/\/canal7slp.tv\/2026\/wp-json\/wp\/v2\/categories?post=191017"},{"taxonomy":"post_tag","embeddable":true,"href":"https:\/\/canal7slp.tv\/2026\/wp-json\/wp\/v2\/tags?post=191017"}],"curies":[{"name":"wp","href":"https:\/\/api.w.org\/{rel}","templated":true}]}}