{"id":191016,"date":"2026-01-20T20:29:44","date_gmt":"2026-01-21T02:29:44","guid":{"rendered":"https:\/\/canal7slp.tv\/2026\/?p=191016"},"modified":"2026-01-20T20:29:44","modified_gmt":"2026-01-21T02:29:44","slug":"pago-de-nomina-a-telesecundaria-debe-incluir-todas-las-prestaciones-de-los-maestros-afirma-dirigente-magisterial-de-la-seccion-26","status":"publish","type":"post","link":"https:\/\/canal7slp.tv\/2026\/pago-de-nomina-a-telesecundaria-debe-incluir-todas-las-prestaciones-de-los-maestros-afirma-dirigente-magisterial-de-la-seccion-26\/","title":{"rendered":"Pago de n\u00f3mina a telesecundaria debe incluir todas las prestaciones de los maestros, afirma dirigente magisterial de la Secci\u00f3n 26"},"content":{"rendered":"<p style=\"text-align: justify;\"><span style=\"font-size: 1.21429rem;\">SLP.- Al confirmar que luego de un convenio la Federaci\u00f3n se har\u00e1 cargo del pago de n\u00f3mina de los maestros de Telesecundaria el dirigente magisterial de la Secci\u00f3n 26 del Sindicato Nacional de los Trabajadores de la Educaci\u00f3n Juan Carlos B\u00e1rcenas, afirm\u00f3 que en este tema el magisterio ha dado seguimiento puntual a este proceso tanto en lo salarial, como en las prestaciones.<\/span><\/p>\n<p style=\"text-align: justify;\">Asimismo, B\u00e1rcenas Ram\u00edrez asegur\u00f3 que estar\u00e1n pendientes que con este nuevo esquema de pago tambi\u00e9n est\u00e9n inclu\u00eddas todas las prestaciones de los maestros, y no \u00fanicamente lo que se refiere al pago de la n\u00f3mina.<\/p>\n<p style=\"text-align: justify;\">Sin embargo, el dirigente magisterial extern\u00f3 su preocupaci\u00f3n al decir que se tiene que dejar en claro lo referente al esquema de la Seguridad Social, principalmente en dos v\u00edas: servicios m\u00e9dicos y las pensiones y jubilaciones para que los trabajadores no pierdan este derecho.<\/p>\n<p style=\"text-align: justify;\">Por: Claudio Ibarra<\/p>\n","protected":false},"excerpt":{"rendered":"<p>SLP.- Al confirmar que luego de un convenio la Federaci\u00f3n se har\u00e1 cargo del pago de n\u00f3mina de los maestros de Telesecundaria el dirigente magisterial de la Secci\u00f3n 26 del Sindicato Nacional de los Trabajadores de la Educaci\u00f3n Juan Carlos B\u00e1rcenas, afirm\u00f3 que en este tema el magisterio ha dado seguimiento puntual a este proceso tanto en lo salarial, como en las prestaciones. Asimismo, B\u00e1rcenas Ram\u00edrez asegur\u00f3 que estar\u00e1n pendientes que con este nuevo esquema de pago tambi\u00e9n est\u00e9n inclu\u00eddas todas las prestaciones de los maestros, y no \u00fanicamente lo que se refiere al pago de la n\u00f3mina. Sin embargo, [&hellip;]<\/p>\n","protected":false},"author":2,"featured_media":191027,"comment_status":"closed","ping_status":"closed","sticky":false,"template":"","format":"video","meta":{"_monsterinsights_skip_tracking":false,"_monsterinsights_sitenote_active":false,"_monsterinsights_sitenote_note":"","_monsterinsights_sitenote_category":0,"footnotes":""},"categories":[5,45],"tags":[],"class_list":["post-191016","post","type-post","status-publish","format-video","has-post-thumbnail","hentry","category-destacadas","category-localesyregionales","post_format-post-format-video","post--single"],"_links":{"self":[{"href":"https:\/\/canal7slp.tv\/2026\/wp-json\/wp\/v2\/posts\/191016","targetHints":{"allow":["GET"]}}],"collection":[{"href":"https:\/\/canal7slp.tv\/2026\/wp-json\/wp\/v2\/posts"}],"about":[{"href":"https:\/\/canal7slp.tv\/2026\/wp-json\/wp\/v2\/types\/post"}],"author":[{"embeddable":true,"href":"https:\/\/canal7slp.tv\/2026\/wp-json\/wp\/v2\/users\/2"}],"replies":[{"embeddable":true,"href":"https:\/\/canal7slp.tv\/2026\/wp-json\/wp\/v2\/comments?post=191016"}],"version-history":[{"count":2,"href":"https:\/\/canal7slp.tv\/2026\/wp-json\/wp\/v2\/posts\/191016\/revisions"}],"predecessor-version":[{"id":191029,"href":"https:\/\/canal7slp.tv\/2026\/wp-json\/wp\/v2\/posts\/191016\/revisions\/191029"}],"wp:featuredmedia":[{"embeddable":true,"href":"https:\/\/canal7slp.tv\/2026\/wp-json\/wp\/v2\/media\/191027"}],"wp:attachment":[{"href":"https:\/\/canal7slp.tv\/2026\/wp-json\/wp\/v2\/media?parent=191016"}],"wp:term":[{"taxonomy":"category","embeddable":true,"href":"https:\/\/canal7slp.tv\/2026\/wp-json\/wp\/v2\/categories?post=191016"},{"taxonomy":"post_tag","embeddable":true,"href":"https:\/\/canal7slp.tv\/2026\/wp-json\/wp\/v2\/tags?post=191016"}],"curies":[{"name":"wp","href":"https:\/\/api.w.org\/{rel}","templated":true}]}}