{"id":190985,"date":"2026-01-20T15:02:14","date_gmt":"2026-01-20T21:02:14","guid":{"rendered":"https:\/\/canal7slp.tv\/2026\/?p=190985"},"modified":"2026-01-20T15:02:14","modified_gmt":"2026-01-20T21:02:14","slug":"gigante-de-comercio-electronico-advierte-que-aranceles-de-trump-ya-comienzan-a-encarecer-productos","status":"publish","type":"post","link":"https:\/\/canal7slp.tv\/2026\/gigante-de-comercio-electronico-advierte-que-aranceles-de-trump-ya-comienzan-a-encarecer-productos\/","title":{"rendered":"Gigante de comercio electr\u00f3nico advierte que aranceles de Trump ya comienzan a encarecer productos"},"content":{"rendered":"<p style=\"text-align: justify;\">EEUU.- El director ejecutivo de Amazon, Andy Jassy, advirti\u00f3 que los aranceles impuestos por el presidente de Estados Unidos, Donald Trump, ya comienzan a reflejarse en los precios de algunos productos, lo que ha obligado a los vendedores a replantear sus estrategias para enfrentar el impacto.<\/p>\n<p style=\"text-align: justify;\">En entrevista con CNBC, durante el Foro Econ\u00f3mico Mundial de Davos, Jassy explic\u00f3 que algunos comerciantes han optado por trasladar el aumento de costos a los consumidores, mientras que otros han decidido absorberlos para no afectar la demanda. Sin embargo, reconoci\u00f3 que esta \u00faltima opci\u00f3n resulta cada vez m\u00e1s dif\u00edcil de sostener.<\/p>\n<p style=\"text-align: justify;\">El directivo detall\u00f3 que, tras el anuncio de los aranceles, Amazon y muchos de sus vendedores realizaron inventarios anticipados de diversos productos, pero esas existencias se agotaron en el oto\u00f1o pasado. Aunque inicialmente se mostr\u00f3 confiado en que el impacto ser\u00eda limitado, ahora admiti\u00f3 que el escenario ha cambiado.<\/p>\n<p style=\"text-align: justify;\">Jassy subray\u00f3 que la empresa trabaja para mantener los precios lo m\u00e1s bajos posible, pero advirti\u00f3 que en algunos casos el aumento ser\u00e1 inevitable. Record\u00f3 que el comercio minorista opera con m\u00e1rgenes de ganancia reducidos, por lo que un incremento de 10% en los costos resulta dif\u00edcil de absorber sin trasladarlo al consumidor final.<\/p>\n<p style=\"text-align: justify;\">Pese a este contexto, el director de Amazon se\u00f1al\u00f3 que los consumidores han mostrado una notable resiliencia, ya que contin\u00faan gastando, aunque con cambios en sus h\u00e1bitos de consumo, como la preferencia por productos m\u00e1s baratos o presentaciones m\u00e1s peque\u00f1as.<\/p>\n","protected":false},"excerpt":{"rendered":"<p>EEUU.- El director ejecutivo de Amazon, Andy Jassy, advirti\u00f3 que los aranceles impuestos por el presidente de Estados Unidos, Donald Trump, ya comienzan a reflejarse en los precios de algunos productos, lo que ha obligado a los vendedores a replantear sus estrategias para enfrentar el impacto. En entrevista con CNBC, durante el Foro Econ\u00f3mico Mundial de Davos, Jassy explic\u00f3 que algunos comerciantes han optado por trasladar el aumento de costos a los consumidores, mientras que otros han decidido absorberlos para no afectar la demanda. Sin embargo, reconoci\u00f3 que esta \u00faltima opci\u00f3n resulta cada vez m\u00e1s dif\u00edcil de sostener. El directivo [&hellip;]<\/p>\n","protected":false},"author":2,"featured_media":190986,"comment_status":"closed","ping_status":"closed","sticky":false,"template":"","format":"standard","meta":{"_monsterinsights_skip_tracking":false,"_monsterinsights_sitenote_active":false,"_monsterinsights_sitenote_note":"","_monsterinsights_sitenote_category":0,"footnotes":""},"categories":[40,44],"tags":[],"class_list":["post-190985","post","type-post","status-publish","format-standard","has-post-thumbnail","hentry","category-economia","category-internacional","post--single"],"_links":{"self":[{"href":"https:\/\/canal7slp.tv\/2026\/wp-json\/wp\/v2\/posts\/190985","targetHints":{"allow":["GET"]}}],"collection":[{"href":"https:\/\/canal7slp.tv\/2026\/wp-json\/wp\/v2\/posts"}],"about":[{"href":"https:\/\/canal7slp.tv\/2026\/wp-json\/wp\/v2\/types\/post"}],"author":[{"embeddable":true,"href":"https:\/\/canal7slp.tv\/2026\/wp-json\/wp\/v2\/users\/2"}],"replies":[{"embeddable":true,"href":"https:\/\/canal7slp.tv\/2026\/wp-json\/wp\/v2\/comments?post=190985"}],"version-history":[{"count":1,"href":"https:\/\/canal7slp.tv\/2026\/wp-json\/wp\/v2\/posts\/190985\/revisions"}],"predecessor-version":[{"id":190987,"href":"https:\/\/canal7slp.tv\/2026\/wp-json\/wp\/v2\/posts\/190985\/revisions\/190987"}],"wp:featuredmedia":[{"embeddable":true,"href":"https:\/\/canal7slp.tv\/2026\/wp-json\/wp\/v2\/media\/190986"}],"wp:attachment":[{"href":"https:\/\/canal7slp.tv\/2026\/wp-json\/wp\/v2\/media?parent=190985"}],"wp:term":[{"taxonomy":"category","embeddable":true,"href":"https:\/\/canal7slp.tv\/2026\/wp-json\/wp\/v2\/categories?post=190985"},{"taxonomy":"post_tag","embeddable":true,"href":"https:\/\/canal7slp.tv\/2026\/wp-json\/wp\/v2\/tags?post=190985"}],"curies":[{"name":"wp","href":"https:\/\/api.w.org\/{rel}","templated":true}]}}