{"id":190980,"date":"2026-01-20T19:57:39","date_gmt":"2026-01-21T01:57:39","guid":{"rendered":"https:\/\/canal7slp.tv\/2026\/?p=190980"},"modified":"2026-01-20T19:57:39","modified_gmt":"2026-01-21T01:57:39","slug":"el-primer-ano-de-mandato-del-presidente-donald-trump-puso-el-mundo-al-reves-hector-dargence","status":"publish","type":"post","link":"https:\/\/canal7slp.tv\/2026\/el-primer-ano-de-mandato-del-presidente-donald-trump-puso-el-mundo-al-reves-hector-dargence\/","title":{"rendered":"El primer a\u00f1o de mandato del presidente Donald Trump puso el mundo al rev\u00e9s: H\u00e9ctor D&#8217;Argence"},"content":{"rendered":"<p style=\"text-align: justify;\"><span style=\"font-size: 1.21429rem;\">SLP.- El segundo mandato de Donald Trump al frente de la Casa Blanca ha generado cambios mundiales dr\u00e1sticos, al grado de \u201cponerlo al rev\u00e9s\u201d, consider\u00f3 el presidente del Consejo Empresarial Potosino, H\u00e9ctor D\u00b4Argance Villegas.<\/span><\/p>\n<p style=\"text-align: justify;\">\u201cEste gobierno ha impactado de una manera brutal en M\u00e9xico y obviamente en el mundo, el mundo lo tiene volteado al rev\u00e9s, Donal Trump se ha caracterizado por voltear al rev\u00e9s al mundo, hoy tiene de verdad volteado de cabeza al mundo y por supuesto que M\u00e9xico no es la excepci\u00f3n en ese tema\u201d.<\/p>\n<p style=\"text-align: justify;\">El tema migratorio es de preocupar, sobre todo por la serie de redadas generadas por el Servicio de Inmigraci\u00f3n y Control de Aduanas conocido por sus siglas en ingles como \u201cICE\u201d.<\/p>\n<p style=\"text-align: justify;\">\u201cHoy todav\u00eda se mantienen esas redadas que la polic\u00eda del gobierno del Trump est\u00e1 haciendo, reprimiendo y regresando a los indocumentados de una manera violenta\u201d.<\/p>\n<p style=\"text-align: justify;\">Los se\u00f1alamientos contra nuestro pa\u00eds son un punto cr\u00edtico.<\/p>\n<p style=\"text-align: justify;\">\u201cY ha declarado incluso como terroristas a los narcotraficantes, entonces todo esto ha impactado mucho en el tema de la econom\u00eda\u201d.<\/p>\n<p style=\"text-align: justify;\">Los aranceles aplicados a los productos no han ca\u00eddo bien durante este primer a\u00f1o de su mandato.<\/p>\n<p style=\"text-align: justify;\">\u201cHa impactado much\u00edsimo, vamos a hablar del tema del acero, el tema de los aranceles al aluminio, la presi\u00f3n que ha tenido sobre las empresas del ramo automotriz que tambi\u00e9n ha incrementado los aranceles a todos los autom\u00f3viles que vienen de M\u00e9xico hacia los Estados Unidos\u201d.<\/p>\n<p style=\"text-align: justify;\">Dijo que el pa\u00eds no ha estado a la altura en las negociaciones.<\/p>\n<p style=\"text-align: justify;\">M\u00e9xico no ha terminado de digerir y de tener una estrategia para ayudar a palera este tema que nos est\u00e1 afectando a todos (\u2026) el a\u00f1o de Trump para M\u00e9xico no ha sido bueno\u201d.<\/p>\n<p>Por: Juan Carlos Contreras<\/p>\n","protected":false},"excerpt":{"rendered":"<p>SLP.- El segundo mandato de Donald Trump al frente de la Casa Blanca ha generado cambios mundiales dr\u00e1sticos, al grado de \u201cponerlo al rev\u00e9s\u201d, consider\u00f3 el presidente del Consejo Empresarial Potosino, H\u00e9ctor D\u00b4Argance Villegas. \u201cEste gobierno ha impactado de una manera brutal en M\u00e9xico y obviamente en el mundo, el mundo lo tiene volteado al rev\u00e9s, Donal Trump se ha caracterizado por voltear al rev\u00e9s al mundo, hoy tiene de verdad volteado de cabeza al mundo y por supuesto que M\u00e9xico no es la excepci\u00f3n en ese tema\u201d. El tema migratorio es de preocupar, sobre todo por la serie de [&hellip;]<\/p>\n","protected":false},"author":2,"featured_media":191013,"comment_status":"closed","ping_status":"closed","sticky":false,"template":"","format":"video","meta":{"_monsterinsights_skip_tracking":false,"_monsterinsights_sitenote_active":false,"_monsterinsights_sitenote_note":"","_monsterinsights_sitenote_category":0,"footnotes":""},"categories":[5,45],"tags":[],"class_list":["post-190980","post","type-post","status-publish","format-video","has-post-thumbnail","hentry","category-destacadas","category-localesyregionales","post_format-post-format-video","post--single"],"_links":{"self":[{"href":"https:\/\/canal7slp.tv\/2026\/wp-json\/wp\/v2\/posts\/190980","targetHints":{"allow":["GET"]}}],"collection":[{"href":"https:\/\/canal7slp.tv\/2026\/wp-json\/wp\/v2\/posts"}],"about":[{"href":"https:\/\/canal7slp.tv\/2026\/wp-json\/wp\/v2\/types\/post"}],"author":[{"embeddable":true,"href":"https:\/\/canal7slp.tv\/2026\/wp-json\/wp\/v2\/users\/2"}],"replies":[{"embeddable":true,"href":"https:\/\/canal7slp.tv\/2026\/wp-json\/wp\/v2\/comments?post=190980"}],"version-history":[{"count":3,"href":"https:\/\/canal7slp.tv\/2026\/wp-json\/wp\/v2\/posts\/190980\/revisions"}],"predecessor-version":[{"id":191014,"href":"https:\/\/canal7slp.tv\/2026\/wp-json\/wp\/v2\/posts\/190980\/revisions\/191014"}],"wp:featuredmedia":[{"embeddable":true,"href":"https:\/\/canal7slp.tv\/2026\/wp-json\/wp\/v2\/media\/191013"}],"wp:attachment":[{"href":"https:\/\/canal7slp.tv\/2026\/wp-json\/wp\/v2\/media?parent=190980"}],"wp:term":[{"taxonomy":"category","embeddable":true,"href":"https:\/\/canal7slp.tv\/2026\/wp-json\/wp\/v2\/categories?post=190980"},{"taxonomy":"post_tag","embeddable":true,"href":"https:\/\/canal7slp.tv\/2026\/wp-json\/wp\/v2\/tags?post=190980"}],"curies":[{"name":"wp","href":"https:\/\/api.w.org\/{rel}","templated":true}]}}