{"id":190887,"date":"2026-01-19T17:16:05","date_gmt":"2026-01-19T23:16:05","guid":{"rendered":"https:\/\/canal7slp.tv\/2026\/?p=190887"},"modified":"2026-01-19T17:16:05","modified_gmt":"2026-01-19T23:16:05","slug":"en-2026-la-styps-realizara-24-ferias-del-empleo","status":"publish","type":"post","link":"https:\/\/canal7slp.tv\/2026\/en-2026-la-styps-realizara-24-ferias-del-empleo\/","title":{"rendered":"En 2026 la STYPS realizar\u00e1 24 Ferias del Empleo"},"content":{"rendered":"<p style=\"text-align: justify;\">SLP.- En el a\u00f1o 2026, la Secretar\u00eda del Trabajo y Previsi\u00f3n Social de San Luis Potos\u00ed, organizar\u00e1 24 Ferias del Empleo, as\u00ed lo hizo saber el titular de dicha dependencia, Cris\u00f3gono S\u00e1nchez Lara.<\/p>\n<p style=\"text-align: justify;\">\u201cEste calendario no es un documento cerrado no es un techo, es un piso m\u00ednimo de trabajo, las fechas y las estimaciones que hoy presentamos son aproximadas y durante el 2026 se podr\u00e1n sumar m\u00e1s ferias m\u00e1s jornadas y m\u00e1s reclutamientos\u201d.<\/p>\n<p style=\"text-align: justify;\">Las ferias se realizar\u00e1n a lo largo de los meses y se llevar\u00e1n a varios puntos del interior del estado.<\/p>\n<p style=\"text-align: justify;\">\u201cAcercar las oportunidades de empleo a los municipios y a las regiones (\u2026) facilitar a las empresas el acceso al talento local (\u2026) fortalecer el empleo formal con derechos, seguridad social y estabilidad\u201d.<\/p>\n<p style=\"text-align: justify;\">A su vez, los eventos ser\u00e1n incluyentes.<\/p>\n<p style=\"text-align: justify;\">\u201cEl calendario contempla acciones espec\u00edficas para mujeres, j\u00f3venes y reci\u00e9n egresados, personas con discapacidad, adultos mayores, personas en movilidad laboral\u201d.<\/p>\n<p style=\"text-align: justify;\">El director de Empleo y productividad Laboral, Luis Cervantes Salgado, ofreci\u00f3 cifras con respecto a la expectativa para las ferias 2026.<\/p>\n<p style=\"text-align: justify;\">\u201cEstamos programando entre 22 y 23 ejercicios tendr\u00edamos m\u00e1s o menos una atenci\u00f3n e siete mil, siete mil 500 personas buscadores de empleo (\u2026) tenemos una vinculaci\u00f3n arriba de 32%, 35% que la media m\u00e1s o menos es del 22% en vinculaci\u00f3n\u201d.<\/p>\n<p style=\"text-align: justify;\">La primera feria se celebrar\u00e1 el d\u00eda 22 en el Municipio de Ciudad Valles y el resto se puede corroborar en las plataformas digitales de la Secretar\u00eda.<\/p>\n<p>Por: Juan Carlos Contreras<\/p>\n","protected":false},"excerpt":{"rendered":"<p>SLP.- En el a\u00f1o 2026, la Secretar\u00eda del Trabajo y Previsi\u00f3n Social de San Luis Potos\u00ed, organizar\u00e1 24 Ferias del Empleo, as\u00ed lo hizo saber el titular de dicha dependencia, Cris\u00f3gono S\u00e1nchez Lara. \u201cEste calendario no es un documento cerrado no es un techo, es un piso m\u00ednimo de trabajo, las fechas y las estimaciones que hoy presentamos son aproximadas y durante el 2026 se podr\u00e1n sumar m\u00e1s ferias m\u00e1s jornadas y m\u00e1s reclutamientos\u201d. Las ferias se realizar\u00e1n a lo largo de los meses y se llevar\u00e1n a varios puntos del interior del estado. \u201cAcercar las oportunidades de empleo a [&hellip;]<\/p>\n","protected":false},"author":2,"featured_media":190908,"comment_status":"closed","ping_status":"closed","sticky":false,"template":"","format":"video","meta":{"_monsterinsights_skip_tracking":false,"_monsterinsights_sitenote_active":false,"_monsterinsights_sitenote_note":"","_monsterinsights_sitenote_category":0,"footnotes":""},"categories":[5,510,45],"tags":[],"class_list":["post-190887","post","type-post","status-publish","format-video","has-post-thumbnail","hentry","category-destacadas","category-gobedoslp","category-localesyregionales","post_format-post-format-video","post--single"],"_links":{"self":[{"href":"https:\/\/canal7slp.tv\/2026\/wp-json\/wp\/v2\/posts\/190887","targetHints":{"allow":["GET"]}}],"collection":[{"href":"https:\/\/canal7slp.tv\/2026\/wp-json\/wp\/v2\/posts"}],"about":[{"href":"https:\/\/canal7slp.tv\/2026\/wp-json\/wp\/v2\/types\/post"}],"author":[{"embeddable":true,"href":"https:\/\/canal7slp.tv\/2026\/wp-json\/wp\/v2\/users\/2"}],"replies":[{"embeddable":true,"href":"https:\/\/canal7slp.tv\/2026\/wp-json\/wp\/v2\/comments?post=190887"}],"version-history":[{"count":2,"href":"https:\/\/canal7slp.tv\/2026\/wp-json\/wp\/v2\/posts\/190887\/revisions"}],"predecessor-version":[{"id":190909,"href":"https:\/\/canal7slp.tv\/2026\/wp-json\/wp\/v2\/posts\/190887\/revisions\/190909"}],"wp:featuredmedia":[{"embeddable":true,"href":"https:\/\/canal7slp.tv\/2026\/wp-json\/wp\/v2\/media\/190908"}],"wp:attachment":[{"href":"https:\/\/canal7slp.tv\/2026\/wp-json\/wp\/v2\/media?parent=190887"}],"wp:term":[{"taxonomy":"category","embeddable":true,"href":"https:\/\/canal7slp.tv\/2026\/wp-json\/wp\/v2\/categories?post=190887"},{"taxonomy":"post_tag","embeddable":true,"href":"https:\/\/canal7slp.tv\/2026\/wp-json\/wp\/v2\/tags?post=190887"}],"curies":[{"name":"wp","href":"https:\/\/api.w.org\/{rel}","templated":true}]}}