{"id":190883,"date":"2026-01-19T16:43:17","date_gmt":"2026-01-19T22:43:17","guid":{"rendered":"https:\/\/canal7slp.tv\/2026\/?p=190883"},"modified":"2026-01-19T16:43:17","modified_gmt":"2026-01-19T22:43:17","slug":"dinamarca-exige-respuesta-firme-ante-amenazas-de-trump-sobre-groenlandia","status":"publish","type":"post","link":"https:\/\/canal7slp.tv\/2026\/dinamarca-exige-respuesta-firme-ante-amenazas-de-trump-sobre-groenlandia\/","title":{"rendered":"Dinamarca exige respuesta firme ante amenazas de Trump sobre Groenlandia"},"content":{"rendered":"<p style=\"text-align: justify;\">Copenhague.- El ministro de Asuntos Exteriores de Dinamarca, Lars L\u00f8kke Rasmussen, hizo este lunes un llamado a ofrecer una respuesta \u201cfuerte y contundente\u201d ante las amenazas del expresidente estadounidense Donald Trump sobre su intenci\u00f3n de anexionarse Groenlandia, territorio aut\u00f3nomo dan\u00e9s.<\/p>\n<p style=\"text-align: justify;\">Al t\u00e9rmino de una reuni\u00f3n en Londres con su hom\u00f3loga brit\u00e1nica, Yvette Cooper, Rasmussen advirti\u00f3 que es fundamental enviar un mensaje claro frente a este tipo de declaraciones. \u201cLo que sabemos con seguridad es que, si no damos una respuesta firme, estaremos enviando una se\u00f1al de debilidad\u201d, afirm\u00f3.<\/p>\n<p style=\"text-align: justify;\">El canciller dan\u00e9s record\u00f3 que la semana pasada, durante un encuentro de alto nivel en Washington, se acord\u00f3 la creaci\u00f3n de un grupo de trabajo conjunto para abordar las diferencias entre ambos pa\u00edses. Sin embargo, se\u00f1al\u00f3 que las recientes declaraciones de Trump han complicado el panorama, al reiterar su deseo de incorporar la isla \u00e1rtica a Estados Unidos.<br \/>\n\u201cEs importante que todos los que creemos en el orden internacional nos distanciemos para mostrarle que no puede seguir por ese camino\u201d, subray\u00f3 Rasmussen, quien insisti\u00f3 en que Dinamarca continuar\u00e1 apostando por el di\u00e1logo y el respeto a los acuerdos vigentes.<\/p>\n<p style=\"text-align: justify;\">En d\u00edas recientes, Trump amenaz\u00f3 con imponer aranceles a Dinamarca y a otros siete pa\u00edses europeos, Alemania, Finlandia, Francia, Pa\u00edses Bajos, Noruega, Suecia y Reino Unido, que han enviado tropas a Groenlandia para reforzar la seguridad en la regi\u00f3n del \u00c1rtico, una zona que Washington considera desatendida.<br \/>\nRasmussen aclar\u00f3 que esta presencia militar no constituye una provocaci\u00f3n, sino un esfuerzo coordinado para atender preocupaciones leg\u00edtimas de seguridad. \u201cCuantos m\u00e1s pa\u00edses contribuyan, mejor ser\u00e1 para la estabilidad de la regi\u00f3n\u201d, puntualiz\u00f3.<\/p>\n<p style=\"text-align: justify;\">Ante la escalada de tensiones, los jefes de Estado y de Gobierno de la Uni\u00f3n Europea se reunir\u00e1n de manera urgente el pr\u00f3ximo jueves en Bruselas para analizar una respuesta conjunta a las acciones de Estados Unidos, seg\u00fan inform\u00f3 una portavoz del presidente del Consejo Europeo, Antonio Costa.<\/p>\n<p style=\"text-align: justify;\">Trump ha advertido que, a partir del 1 de febrero, podr\u00eda imponer un arancel del 10 por ciento a todos los productos provenientes de los ocho pa\u00edses europeos mencionados, con la posibilidad de elevarlo hasta un 25 por ciento en junio si no se alcanza un acuerdo para la \u201ccompra total y plena de Groenlandia\u201d.<\/p>\n<p style=\"text-align: justify;\">\u201cFalta tiempo para el 1 de febrero. Que esos aranceles se hagan realidad depender\u00e1 de nuestra capacidad colectiva para demostrar que las amenazas no conducen a nada\u201d, concluy\u00f3 Rasmussen.<\/p>\n<p style=\"text-align: justify;\">\n","protected":false},"excerpt":{"rendered":"<p>Copenhague.- El ministro de Asuntos Exteriores de Dinamarca, Lars L\u00f8kke Rasmussen, hizo este lunes un llamado a ofrecer una respuesta \u201cfuerte y contundente\u201d ante las amenazas del expresidente estadounidense Donald Trump sobre su intenci\u00f3n de anexionarse Groenlandia, territorio aut\u00f3nomo dan\u00e9s. Al t\u00e9rmino de una reuni\u00f3n en Londres con su hom\u00f3loga brit\u00e1nica, Yvette Cooper, Rasmussen advirti\u00f3 que es fundamental enviar un mensaje claro frente a este tipo de declaraciones. \u201cLo que sabemos con seguridad es que, si no damos una respuesta firme, estaremos enviando una se\u00f1al de debilidad\u201d, afirm\u00f3. El canciller dan\u00e9s record\u00f3 que la semana pasada, durante un encuentro de [&hellip;]<\/p>\n","protected":false},"author":2,"featured_media":190884,"comment_status":"closed","ping_status":"closed","sticky":false,"template":"","format":"standard","meta":{"_monsterinsights_skip_tracking":false,"_monsterinsights_sitenote_active":false,"_monsterinsights_sitenote_note":"","_monsterinsights_sitenote_category":0,"footnotes":""},"categories":[44],"tags":[],"class_list":["post-190883","post","type-post","status-publish","format-standard","has-post-thumbnail","hentry","category-internacional","post--single"],"_links":{"self":[{"href":"https:\/\/canal7slp.tv\/2026\/wp-json\/wp\/v2\/posts\/190883","targetHints":{"allow":["GET"]}}],"collection":[{"href":"https:\/\/canal7slp.tv\/2026\/wp-json\/wp\/v2\/posts"}],"about":[{"href":"https:\/\/canal7slp.tv\/2026\/wp-json\/wp\/v2\/types\/post"}],"author":[{"embeddable":true,"href":"https:\/\/canal7slp.tv\/2026\/wp-json\/wp\/v2\/users\/2"}],"replies":[{"embeddable":true,"href":"https:\/\/canal7slp.tv\/2026\/wp-json\/wp\/v2\/comments?post=190883"}],"version-history":[{"count":1,"href":"https:\/\/canal7slp.tv\/2026\/wp-json\/wp\/v2\/posts\/190883\/revisions"}],"predecessor-version":[{"id":190885,"href":"https:\/\/canal7slp.tv\/2026\/wp-json\/wp\/v2\/posts\/190883\/revisions\/190885"}],"wp:featuredmedia":[{"embeddable":true,"href":"https:\/\/canal7slp.tv\/2026\/wp-json\/wp\/v2\/media\/190884"}],"wp:attachment":[{"href":"https:\/\/canal7slp.tv\/2026\/wp-json\/wp\/v2\/media?parent=190883"}],"wp:term":[{"taxonomy":"category","embeddable":true,"href":"https:\/\/canal7slp.tv\/2026\/wp-json\/wp\/v2\/categories?post=190883"},{"taxonomy":"post_tag","embeddable":true,"href":"https:\/\/canal7slp.tv\/2026\/wp-json\/wp\/v2\/tags?post=190883"}],"curies":[{"name":"wp","href":"https:\/\/api.w.org\/{rel}","templated":true}]}}