{"id":190876,"date":"2026-01-19T15:17:27","date_gmt":"2026-01-19T21:17:27","guid":{"rendered":"https:\/\/canal7slp.tv\/2026\/?p=190876"},"modified":"2026-01-19T15:17:27","modified_gmt":"2026-01-19T21:17:27","slug":"autoridades-reportan-15-victimas-mortales-por-incendio-en-centro-comercial-pakistani","status":"publish","type":"post","link":"https:\/\/canal7slp.tv\/2026\/autoridades-reportan-15-victimas-mortales-por-incendio-en-centro-comercial-pakistani\/","title":{"rendered":"Autoridades reportan 15 v\u00edctimas mortales por incendio en centro comercial pakistan\u00ed"},"content":{"rendered":"<ul style=\"text-align: justify;\">\n<li>Hay 65 desaparecidos.<\/li>\n<\/ul>\n<p style=\"text-align: justify;\">Karachi.- El n\u00famero de muertos por el devastador incendio registrado en el centro comercial Gul Plaza, en Karachi, Pakist\u00e1n, ascendi\u00f3 a al menos 15 personas, luego de que los equipos de rescate lograran recuperar m\u00e1s cuerpos entre los escombros. Adem\u00e1s, alrededor de 65 personas contin\u00faan reportadas como desaparecidas.<\/p>\n<p style=\"text-align: justify;\">Los bomberos lograron controlar y extinguir el fuego casi 24 horas despu\u00e9s de su inicio, lo que permiti\u00f3 que las brigadas de emergencia ingresaran al edificio, severamente da\u00f1ado por las llamas. Sin embargo, las autoridades advierten que el n\u00famero de v\u00edctimas podr\u00eda aumentar conforme avancen las labores de b\u00fasqueda.<\/p>\n<p style=\"text-align: justify;\">El ministro principal de la provincia de Sindh, Murad Ali Shah, inform\u00f3 en conferencia de prensa que los rescatistas trabajan de manera ininterrumpida para localizar tanto a sobrevivientes como a posibles fallecidos. Entre las v\u00edctimas confirmadas se encuentra un bombero que perdi\u00f3 la vida mientras participaba en las tareas de auxilio. Para apoyar a las familias afectadas, el gobierno anunci\u00f3 una compensaci\u00f3n de 10 millones de rupias para cada familia de las personas fallecidas.<\/p>\n<p style=\"text-align: justify;\">De acuerdo con el doctor Abid Jalal Sheikh, responsable de los servicios de emergencia de Karachi, el incendio se propag\u00f3 r\u00e1pidamente debido a que muchas tiendas almacenaban productos altamente inflamables, como cosm\u00e9ticos, ropa y art\u00edculos de pl\u00e1stico.<\/p>\n<p style=\"text-align: justify;\">Mientras tanto, decenas de familiares de los desaparecidos se han congregado en las inmediaciones del centro comercial en busca de informaci\u00f3n. Qaiser Ali, uno de ellos, relat\u00f3 que su hija, su nuera y su hermana se encontraban de compras cuando inici\u00f3 el siniestro. Se\u00f1al\u00f3 que pudo mantener contacto telef\u00f3nico con ellas hasta el domingo, cuando dejaron de responder. \u201cNo s\u00e9 qu\u00e9 les ha pasado o si est\u00e1n vivas\u201d, declar\u00f3 con angustia a la agencia The Associated Press. \u201cEstamos rezando para que todos los desaparecidos salgan a salvo\u201d.<\/p>\n<p style=\"text-align: justify;\">Otro sobreviviente, Mohammad Abrar, logr\u00f3 escapar de las llamas, pero expres\u00f3 su profunda preocupaci\u00f3n por su hermano, Saifur Rehman, propietario de una tienda en el lugar, quien no ha sido localizado.<\/p>\n<p style=\"text-align: justify;\">La causa del incendio a\u00fan no ha sido determinada y la polic\u00eda ha iniciado una investigaci\u00f3n para esclarecer los hechos. Karachi, capital econ\u00f3mica de Pakist\u00e1n, tiene un largo historial de incendios mortales, muchos de ellos vinculados a deficientes normas de seguridad y construcciones irregulares. En noviembre de 2023, un incendio en otro centro comercial de la ciudad dej\u00f3 10 muertos y 22 heridos, mientras que en 2012 un siniestro en una f\u00e1brica textil cobr\u00f3 la vida de 260 personas, uno de los peores desastres industriales en la historia del pa\u00eds.<\/p>\n","protected":false},"excerpt":{"rendered":"<p>Hay 65 desaparecidos. Karachi.- El n\u00famero de muertos por el devastador incendio registrado en el centro comercial Gul Plaza, en Karachi, Pakist\u00e1n, ascendi\u00f3 a al menos 15 personas, luego de que los equipos de rescate lograran recuperar m\u00e1s cuerpos entre los escombros. Adem\u00e1s, alrededor de 65 personas contin\u00faan reportadas como desaparecidas. Los bomberos lograron controlar y extinguir el fuego casi 24 horas despu\u00e9s de su inicio, lo que permiti\u00f3 que las brigadas de emergencia ingresaran al edificio, severamente da\u00f1ado por las llamas. Sin embargo, las autoridades advierten que el n\u00famero de v\u00edctimas podr\u00eda aumentar conforme avancen las labores de b\u00fasqueda. [&hellip;]<\/p>\n","protected":false},"author":2,"featured_media":190877,"comment_status":"closed","ping_status":"closed","sticky":false,"template":"","format":"standard","meta":{"_monsterinsights_skip_tracking":false,"_monsterinsights_sitenote_active":false,"_monsterinsights_sitenote_note":"","_monsterinsights_sitenote_category":0,"footnotes":""},"categories":[44],"tags":[],"class_list":["post-190876","post","type-post","status-publish","format-standard","has-post-thumbnail","hentry","category-internacional","post--single"],"_links":{"self":[{"href":"https:\/\/canal7slp.tv\/2026\/wp-json\/wp\/v2\/posts\/190876","targetHints":{"allow":["GET"]}}],"collection":[{"href":"https:\/\/canal7slp.tv\/2026\/wp-json\/wp\/v2\/posts"}],"about":[{"href":"https:\/\/canal7slp.tv\/2026\/wp-json\/wp\/v2\/types\/post"}],"author":[{"embeddable":true,"href":"https:\/\/canal7slp.tv\/2026\/wp-json\/wp\/v2\/users\/2"}],"replies":[{"embeddable":true,"href":"https:\/\/canal7slp.tv\/2026\/wp-json\/wp\/v2\/comments?post=190876"}],"version-history":[{"count":1,"href":"https:\/\/canal7slp.tv\/2026\/wp-json\/wp\/v2\/posts\/190876\/revisions"}],"predecessor-version":[{"id":190878,"href":"https:\/\/canal7slp.tv\/2026\/wp-json\/wp\/v2\/posts\/190876\/revisions\/190878"}],"wp:featuredmedia":[{"embeddable":true,"href":"https:\/\/canal7slp.tv\/2026\/wp-json\/wp\/v2\/media\/190877"}],"wp:attachment":[{"href":"https:\/\/canal7slp.tv\/2026\/wp-json\/wp\/v2\/media?parent=190876"}],"wp:term":[{"taxonomy":"category","embeddable":true,"href":"https:\/\/canal7slp.tv\/2026\/wp-json\/wp\/v2\/categories?post=190876"},{"taxonomy":"post_tag","embeddable":true,"href":"https:\/\/canal7slp.tv\/2026\/wp-json\/wp\/v2\/tags?post=190876"}],"curies":[{"name":"wp","href":"https:\/\/api.w.org\/{rel}","templated":true}]}}