{"id":190808,"date":"2026-01-18T16:12:13","date_gmt":"2026-01-18T22:12:13","guid":{"rendered":"https:\/\/canal7slp.tv\/2026\/?p=190808"},"modified":"2026-01-18T16:12:13","modified_gmt":"2026-01-18T22:12:13","slug":"arquidiocesis-pide-a-mexico-examinar-su-conciencia-ante-llegada-del-papa","status":"publish","type":"post","link":"https:\/\/canal7slp.tv\/2026\/arquidiocesis-pide-a-mexico-examinar-su-conciencia-ante-llegada-del-papa\/","title":{"rendered":"Arquidi\u00f3cesis pide a M\u00e9xico examinar su conciencia ante llegada del Papa"},"content":{"rendered":"<p style=\"text-align: justify;\">M\u00e9xico.- Este domingo, la Arquidi\u00f3cesis de M\u00e9xico public\u00f3 en su editorial semanal <em>Desde la Fe<\/em> un mensaje dirigido a los fieles cat\u00f3licos del pa\u00eds, en el contexto de la posible visita del Papa Le\u00f3n XIV.<\/p>\n<p style=\"text-align: justify;\">En el documento, la Iglesia cuestiona si la sociedad mexicana est\u00e1 realmente dispuesta a escuchar el mensaje del Pont\u00edfice, al considerar que su eventual llegada podr\u00eda representar un \u201cabrazo espiritual\u201d en medio de un panorama marcado por la violencia, la polarizaci\u00f3n y el sufrimiento social.<\/p>\n<p style=\"text-align: justify;\">La editorial destaca que el Papa ha manifestado su deseo de visitar M\u00e9xico y encomendar su pontificado a la Virgen de Guadalupe, s\u00edmbolo de unidad y devoci\u00f3n que cobra especial relevancia ante la cercan\u00eda del 500 aniversario de sus apariciones.<\/p>\n<p style=\"text-align: justify;\">La Arquidi\u00f3cesis recuerda que M\u00e9xico es el segundo pa\u00eds con mayor n\u00famero de cat\u00f3licos en el mundo y subraya la importancia hist\u00f3rica y espiritual de esta devoci\u00f3n, al se\u00f1alar que, 495 a\u00f1os despu\u00e9s, sigue siendo necesaria una intervenci\u00f3n divina que contribuya a pacificar al pa\u00eds y unir al pueblo de Dios.<\/p>\n<p style=\"text-align: justify;\">El texto retoma un reciente discurso del Papa ante la comunidad diplom\u00e1tica en la Santa Sede, en el que exhort\u00f3 a permitir que \u201cla ciudad terrenal crezca de manera paralela a la Ciudad de Dios\u201d, e inst\u00f3 a que la presencia de Dios vuelva a ocupar un lugar central en la vida cotidiana.<\/p>\n<p style=\"text-align: justify;\">Entre los llamados del Pont\u00edfice, la Iglesia resalta la construcci\u00f3n de la paz, el fomento del di\u00e1logo, el respeto a los migrantes, la defensa de la vida y el fin de las persecuciones religiosas.<\/p>\n<p style=\"text-align: justify;\">En este marco, la Arquidi\u00f3cesis plantea una serie de preguntas directas a la sociedad mexicana para propiciar una reflexi\u00f3n profunda: \u201c\u00bfCu\u00e1ntos bautizados participan de la desaparici\u00f3n de personas? \u00bfCu\u00e1ntos participan en los asesinatos y en la violencia? \u00bfCu\u00e1ntos promueven el aborto como un derecho?\u201d.<\/p>\n<p style=\"text-align: justify;\">Tambi\u00e9n cuestiona el grado de preocupaci\u00f3n de los creyentes por quienes sufren, por los pobres y los migrantes, as\u00ed como su posible participaci\u00f3n en actos de corrupci\u00f3n o en la difusi\u00f3n del odio hacia quienes piensan diferente.<\/p>\n","protected":false},"excerpt":{"rendered":"<p>M\u00e9xico.- Este domingo, la Arquidi\u00f3cesis de M\u00e9xico public\u00f3 en su editorial semanal Desde la Fe un mensaje dirigido a los fieles cat\u00f3licos del pa\u00eds, en el contexto de la posible visita del Papa Le\u00f3n XIV. En el documento, la Iglesia cuestiona si la sociedad mexicana est\u00e1 realmente dispuesta a escuchar el mensaje del Pont\u00edfice, al considerar que su eventual llegada podr\u00eda representar un \u201cabrazo espiritual\u201d en medio de un panorama marcado por la violencia, la polarizaci\u00f3n y el sufrimiento social. La editorial destaca que el Papa ha manifestado su deseo de visitar M\u00e9xico y encomendar su pontificado a la Virgen [&hellip;]<\/p>\n","protected":false},"author":2,"featured_media":190809,"comment_status":"closed","ping_status":"closed","sticky":false,"template":"","format":"standard","meta":{"_monsterinsights_skip_tracking":false,"_monsterinsights_sitenote_active":false,"_monsterinsights_sitenote_note":"","_monsterinsights_sitenote_category":0,"footnotes":""},"categories":[46],"tags":[],"class_list":["post-190808","post","type-post","status-publish","format-standard","has-post-thumbnail","hentry","category-nacional","post--single"],"_links":{"self":[{"href":"https:\/\/canal7slp.tv\/2026\/wp-json\/wp\/v2\/posts\/190808","targetHints":{"allow":["GET"]}}],"collection":[{"href":"https:\/\/canal7slp.tv\/2026\/wp-json\/wp\/v2\/posts"}],"about":[{"href":"https:\/\/canal7slp.tv\/2026\/wp-json\/wp\/v2\/types\/post"}],"author":[{"embeddable":true,"href":"https:\/\/canal7slp.tv\/2026\/wp-json\/wp\/v2\/users\/2"}],"replies":[{"embeddable":true,"href":"https:\/\/canal7slp.tv\/2026\/wp-json\/wp\/v2\/comments?post=190808"}],"version-history":[{"count":1,"href":"https:\/\/canal7slp.tv\/2026\/wp-json\/wp\/v2\/posts\/190808\/revisions"}],"predecessor-version":[{"id":190810,"href":"https:\/\/canal7slp.tv\/2026\/wp-json\/wp\/v2\/posts\/190808\/revisions\/190810"}],"wp:featuredmedia":[{"embeddable":true,"href":"https:\/\/canal7slp.tv\/2026\/wp-json\/wp\/v2\/media\/190809"}],"wp:attachment":[{"href":"https:\/\/canal7slp.tv\/2026\/wp-json\/wp\/v2\/media?parent=190808"}],"wp:term":[{"taxonomy":"category","embeddable":true,"href":"https:\/\/canal7slp.tv\/2026\/wp-json\/wp\/v2\/categories?post=190808"},{"taxonomy":"post_tag","embeddable":true,"href":"https:\/\/canal7slp.tv\/2026\/wp-json\/wp\/v2\/tags?post=190808"}],"curies":[{"name":"wp","href":"https:\/\/api.w.org\/{rel}","templated":true}]}}