{"id":190804,"date":"2026-01-18T15:05:46","date_gmt":"2026-01-18T21:05:46","guid":{"rendered":"https:\/\/canal7slp.tv\/2026\/?p=190804"},"modified":"2026-01-18T15:05:46","modified_gmt":"2026-01-18T21:05:46","slug":"groenlandeses-salen-a-las-calles-para-defender-su-soberania","status":"publish","type":"post","link":"https:\/\/canal7slp.tv\/2026\/groenlandeses-salen-a-las-calles-para-defender-su-soberania\/","title":{"rendered":"Groenlandeses salen a las calles para defender su soberan\u00eda"},"content":{"rendered":"<p style=\"text-align: justify;\">Nuuk.- Miles de habitantes de Groenlandia se manifestaron este s\u00e1bado en las calles de Nuuk, la capital del territorio, para expresar su rechazo a las declaraciones del presidente de Estados Unidos sobre una posible adquisici\u00f3n o anexi\u00f3n forzada de la isla. La movilizaci\u00f3n es considerada una de las m\u00e1s numerosas en la historia reciente del pa\u00eds.<\/p>\n<p style=\"text-align: justify;\">Durante la protesta, numerosos asistentes portaron la bandera rojiblanca groenlandesa, s\u00edmbolo de identidad nacional que ha cobrado especial relevancia en los \u00faltimos d\u00edas. La marcha concluy\u00f3 frente al consulado estadounidense, donde se escucharon consignas en contra de las amenazas provenientes de Washington.<\/p>\n<p style=\"text-align: justify;\">El evento inici\u00f3 con la llegada del primer ministro de Groenlandia, Jens Frederik Nielsen, quien fue recibido entre aplausos y con el lema \u201cKalaallit Nunaat, Kalaallit pigaat\u201d (\u201cGroenlandia pertenece a los groenlandeses\u201d). Este mensaje reflej\u00f3 la unidad entre la ciudadan\u00eda y las fuerzas pol\u00edticas locales frente al discurso del mandatario estadounidense, en un territorio aut\u00f3nomo que forma parte del Reino de Dinamarca.<\/p>\n<p style=\"text-align: justify;\">Tras el arribo de Nielsen, l\u00edder del partido social-liberal Demokraatit y presidente de un gobierno de coalici\u00f3n, se llev\u00f3 a cabo la lectura de un poema, un minuto de silencio y la entonaci\u00f3n del himno nacional, como muestra de cohesi\u00f3n y defensa de la soberan\u00eda local.<\/p>\n<p style=\"text-align: justify;\">Entre las pancartas que portaban los manifestantes destacaron mensajes como \u201cGroenlandia no est\u00e1 a la venta\u201d, \u201cYankees go home\u201d (\u201cyanquis fuera\u201d) y \u201cNosotros decidimos nuestro futuro\u201d. Las protestas tambi\u00e9n se replicaron en otras localidades del territorio, entre ellas Qaqortoq, Aasiaat, Sisimiut e Ilulissat.<\/p>\n","protected":false},"excerpt":{"rendered":"<p>Nuuk.- Miles de habitantes de Groenlandia se manifestaron este s\u00e1bado en las calles de Nuuk, la capital del territorio, para expresar su rechazo a las declaraciones del presidente de Estados Unidos sobre una posible adquisici\u00f3n o anexi\u00f3n forzada de la isla. La movilizaci\u00f3n es considerada una de las m\u00e1s numerosas en la historia reciente del pa\u00eds. Durante la protesta, numerosos asistentes portaron la bandera rojiblanca groenlandesa, s\u00edmbolo de identidad nacional que ha cobrado especial relevancia en los \u00faltimos d\u00edas. La marcha concluy\u00f3 frente al consulado estadounidense, donde se escucharon consignas en contra de las amenazas provenientes de Washington. El evento [&hellip;]<\/p>\n","protected":false},"author":2,"featured_media":190806,"comment_status":"closed","ping_status":"closed","sticky":false,"template":"","format":"standard","meta":{"_monsterinsights_skip_tracking":false,"_monsterinsights_sitenote_active":false,"_monsterinsights_sitenote_note":"","_monsterinsights_sitenote_category":0,"footnotes":""},"categories":[44],"tags":[],"class_list":["post-190804","post","type-post","status-publish","format-standard","has-post-thumbnail","hentry","category-internacional","post--single"],"_links":{"self":[{"href":"https:\/\/canal7slp.tv\/2026\/wp-json\/wp\/v2\/posts\/190804","targetHints":{"allow":["GET"]}}],"collection":[{"href":"https:\/\/canal7slp.tv\/2026\/wp-json\/wp\/v2\/posts"}],"about":[{"href":"https:\/\/canal7slp.tv\/2026\/wp-json\/wp\/v2\/types\/post"}],"author":[{"embeddable":true,"href":"https:\/\/canal7slp.tv\/2026\/wp-json\/wp\/v2\/users\/2"}],"replies":[{"embeddable":true,"href":"https:\/\/canal7slp.tv\/2026\/wp-json\/wp\/v2\/comments?post=190804"}],"version-history":[{"count":1,"href":"https:\/\/canal7slp.tv\/2026\/wp-json\/wp\/v2\/posts\/190804\/revisions"}],"predecessor-version":[{"id":190807,"href":"https:\/\/canal7slp.tv\/2026\/wp-json\/wp\/v2\/posts\/190804\/revisions\/190807"}],"wp:featuredmedia":[{"embeddable":true,"href":"https:\/\/canal7slp.tv\/2026\/wp-json\/wp\/v2\/media\/190806"}],"wp:attachment":[{"href":"https:\/\/canal7slp.tv\/2026\/wp-json\/wp\/v2\/media?parent=190804"}],"wp:term":[{"taxonomy":"category","embeddable":true,"href":"https:\/\/canal7slp.tv\/2026\/wp-json\/wp\/v2\/categories?post=190804"},{"taxonomy":"post_tag","embeddable":true,"href":"https:\/\/canal7slp.tv\/2026\/wp-json\/wp\/v2\/tags?post=190804"}],"curies":[{"name":"wp","href":"https:\/\/api.w.org\/{rel}","templated":true}]}}