{"id":190792,"date":"2026-01-18T10:04:57","date_gmt":"2026-01-18T16:04:57","guid":{"rendered":"https:\/\/canal7slp.tv\/2026\/?p=190792"},"modified":"2026-01-18T10:04:57","modified_gmt":"2026-01-18T16:04:57","slug":"mas-de-44-mil-universitarios-recibiran-la-beca-gertrudis-bocanegra-en-michoacan","status":"publish","type":"post","link":"https:\/\/canal7slp.tv\/2026\/mas-de-44-mil-universitarios-recibiran-la-beca-gertrudis-bocanegra-en-michoacan\/","title":{"rendered":"M\u00e1s de 44 mil universitarios recibir\u00e1n la Beca Gertrudis Bocanegra en Michoac\u00e1n"},"content":{"rendered":"<p style=\"text-align: justify;\">Michoac\u00e1n.- El secretario de Educaci\u00f3n P\u00fablica, Mario Delgado Carrillo, y el gobernador de Michoac\u00e1n, Alfredo Ram\u00edrez Bedolla, anunciaron la entrega de la Beca Gertrudis Bocanegra a m\u00e1s de 44 mil estudiantes de educaci\u00f3n superior en el estado, como parte del Plan Michoac\u00e1n por la Paz y la Justicia.<\/p>\n<p style=\"text-align: justify;\">El apoyo econ\u00f3mico ser\u00e1 de mil 900 pesos bimestrales y comenzar\u00e1 a distribuirse a partir de febrero. Este programa es \u00fanico en el pa\u00eds y ofrecer\u00e1 acompa\u00f1amiento educativo desde la primaria hasta la universidad, complementando iniciativas como la Beca Universal Rita Cetina y la Beca Universal de Educaci\u00f3n Media Superior.<\/p>\n<p style=\"text-align: justify;\">Adem\u00e1s, el secretario destac\u00f3 la creaci\u00f3n de 30,000 nuevos espacios en preparatorias mediante la construcci\u00f3n de diez bachilleratos tecnol\u00f3gicos y 60 ciberbachilleratos, as\u00ed como 50 mil espacios adicionales para educaci\u00f3n superior.<\/p>\n<p style=\"text-align: justify;\">Ram\u00edrez Bedolla enfatiz\u00f3 que estos recursos ayudar\u00e1n a cubrir gastos de \u00fatiles, uniformes y transporte, eliminando obst\u00e1culos para la continuidad educativa. La dispersi\u00f3n de las becas universitarias comenzar\u00e1 el 3 de febrero, con una inversi\u00f3n adicional de 418 millones de pesos, beneficiando a todos los estudiantes inscritos en el programa.<\/p>\n<p style=\"text-align: justify;\">Con estas acciones, Michoac\u00e1n busca fortalecer la educaci\u00f3n p\u00fablica como un pilar fundamental para la transformaci\u00f3n social y el desarrollo de las nuevas generaciones.<\/p>\n<p style=\"text-align: justify;\">\n","protected":false},"excerpt":{"rendered":"<p>Michoac\u00e1n.- El secretario de Educaci\u00f3n P\u00fablica, Mario Delgado Carrillo, y el gobernador de Michoac\u00e1n, Alfredo Ram\u00edrez Bedolla, anunciaron la entrega de la Beca Gertrudis Bocanegra a m\u00e1s de 44 mil estudiantes de educaci\u00f3n superior en el estado, como parte del Plan Michoac\u00e1n por la Paz y la Justicia. El apoyo econ\u00f3mico ser\u00e1 de mil 900 pesos bimestrales y comenzar\u00e1 a distribuirse a partir de febrero. Este programa es \u00fanico en el pa\u00eds y ofrecer\u00e1 acompa\u00f1amiento educativo desde la primaria hasta la universidad, complementando iniciativas como la Beca Universal Rita Cetina y la Beca Universal de Educaci\u00f3n Media Superior. Adem\u00e1s, el [&hellip;]<\/p>\n","protected":false},"author":2,"featured_media":190793,"comment_status":"closed","ping_status":"closed","sticky":false,"template":"","format":"standard","meta":{"_monsterinsights_skip_tracking":false,"_monsterinsights_sitenote_active":false,"_monsterinsights_sitenote_note":"","_monsterinsights_sitenote_category":0,"footnotes":""},"categories":[46],"tags":[],"class_list":["post-190792","post","type-post","status-publish","format-standard","has-post-thumbnail","hentry","category-nacional","post--single"],"_links":{"self":[{"href":"https:\/\/canal7slp.tv\/2026\/wp-json\/wp\/v2\/posts\/190792","targetHints":{"allow":["GET"]}}],"collection":[{"href":"https:\/\/canal7slp.tv\/2026\/wp-json\/wp\/v2\/posts"}],"about":[{"href":"https:\/\/canal7slp.tv\/2026\/wp-json\/wp\/v2\/types\/post"}],"author":[{"embeddable":true,"href":"https:\/\/canal7slp.tv\/2026\/wp-json\/wp\/v2\/users\/2"}],"replies":[{"embeddable":true,"href":"https:\/\/canal7slp.tv\/2026\/wp-json\/wp\/v2\/comments?post=190792"}],"version-history":[{"count":1,"href":"https:\/\/canal7slp.tv\/2026\/wp-json\/wp\/v2\/posts\/190792\/revisions"}],"predecessor-version":[{"id":190794,"href":"https:\/\/canal7slp.tv\/2026\/wp-json\/wp\/v2\/posts\/190792\/revisions\/190794"}],"wp:featuredmedia":[{"embeddable":true,"href":"https:\/\/canal7slp.tv\/2026\/wp-json\/wp\/v2\/media\/190793"}],"wp:attachment":[{"href":"https:\/\/canal7slp.tv\/2026\/wp-json\/wp\/v2\/media?parent=190792"}],"wp:term":[{"taxonomy":"category","embeddable":true,"href":"https:\/\/canal7slp.tv\/2026\/wp-json\/wp\/v2\/categories?post=190792"},{"taxonomy":"post_tag","embeddable":true,"href":"https:\/\/canal7slp.tv\/2026\/wp-json\/wp\/v2\/tags?post=190792"}],"curies":[{"name":"wp","href":"https:\/\/api.w.org\/{rel}","templated":true}]}}