{"id":190748,"date":"2026-01-17T10:44:03","date_gmt":"2026-01-17T16:44:03","guid":{"rendered":"https:\/\/canal7slp.tv\/2026\/?p=190748"},"modified":"2026-01-17T10:44:03","modified_gmt":"2026-01-17T16:44:03","slug":"sict-descarta-afectaciones-en-operaciones-aereas-nacionales-tras-alerta-de-la-faa","status":"publish","type":"post","link":"https:\/\/canal7slp.tv\/2026\/sict-descarta-afectaciones-en-operaciones-aereas-nacionales-tras-alerta-de-la-faa\/","title":{"rendered":"SICT descarta afectaciones en operaciones a\u00e9reas nacionales tras alerta de la FAA"},"content":{"rendered":"<p style=\"text-align: justify;\">M\u00e9xico.- El Gobierno de M\u00e9xico afirm\u00f3 este viernes que la alerta emitida por la Administraci\u00f3n Federal de Aviaci\u00f3n de Estados Unidos (FAA), relacionada con una \u201csituaci\u00f3n potencialmente peligrosa\u201d en el espacio a\u00e9reo del Pac\u00edfico, incluida la zona mexicana, tiene un car\u00e1cter estrictamente preventivo y no implica restricciones ni afectaciones a las operaciones de aerol\u00edneas u operadores nacionales.<\/p>\n<p style=\"text-align: justify;\">A trav\u00e9s de un comunicado, la Secretar\u00eda de Infraestructura, Comunicaciones y Transportes (SICT) explic\u00f3 que el aviso de la FAA est\u00e1 orientado a reforzar la atenci\u00f3n y precauci\u00f3n en determinadas regiones del espacio a\u00e9reo, pero subray\u00f3 que no existen \u201cimplicaciones operativas ni restricciones para M\u00e9xico, ni para aerol\u00edneas u operadores mexicanos\u201d.<\/p>\n<p style=\"text-align: justify;\">La aclaraci\u00f3n del gobierno mexicano surge luego de que la FAA emitiera cinco notificaciones dirigidas a operadores a\u00e9reos estadounidenses, en las que advierte sobre posibles riesgos en el espacio a\u00e9reo del Pac\u00edfico, desde M\u00e9xico hasta Ecuador, incluyendo Centroam\u00e9rica y Colombia. Dichas advertencias est\u00e1n relacionadas con actividades militares y eventuales interferencias en los sistemas de navegaci\u00f3n satelital.<\/p>\n<p style=\"text-align: justify;\">Las alertas estar\u00e1n vigentes durante 60 d\u00edas y recomiendan a las compa\u00f1\u00edas y pilotos extremar precauciones al volar sobre zonas mar\u00edtimas del oc\u00e9ano Pac\u00edfico, particularmente en las regiones de informaci\u00f3n de vuelo del Golfo de California en M\u00e9xico (MMFR), Centroam\u00e9rica (MHTG), Panam\u00e1 (MPZL), Bogot\u00e1 (SKED) y Guayaquil (SEFG).<\/p>\n<p style=\"text-align: justify;\">La SICT enfatiz\u00f3 que el aviso fue emitido \u201cexclusivamente\u201d para operadores civiles de Estados Unidos, ya que la FAA solo tiene competencia para regular a aerol\u00edneas y pilotos de ese pa\u00eds. Adem\u00e1s, se\u00f1al\u00f3 que esta medida preventiva es similar a otras adoptadas recientemente para la regi\u00f3n del Caribe y reiter\u00f3 que no existe \u201cafectaci\u00f3n alguna para la aviaci\u00f3n civil en M\u00e9xico ni cambios en las condiciones de operaci\u00f3n del espacio a\u00e9reo nacional\u201d.<\/p>\n<p style=\"text-align: justify;\">Asimismo, la dependencia inform\u00f3 que mantiene comunicaci\u00f3n permanente con autoridades aeron\u00e1uticas internacionales para dar seguimiento a este tipo de avisos, como parte de los mecanismos de cooperaci\u00f3n en materia de seguridad operacional.<\/p>\n<p style=\"text-align: justify;\">De acuerdo con la informaci\u00f3n disponible, la advertencia de la FAA estar\u00eda vinculada a la posibilidad de que aeronaves militares estadounidenses realicen operaciones en la regi\u00f3n sin notificaci\u00f3n previa o con transpondedores desactivados.<\/p>\n","protected":false},"excerpt":{"rendered":"<p>M\u00e9xico.- El Gobierno de M\u00e9xico afirm\u00f3 este viernes que la alerta emitida por la Administraci\u00f3n Federal de Aviaci\u00f3n de Estados Unidos (FAA), relacionada con una \u201csituaci\u00f3n potencialmente peligrosa\u201d en el espacio a\u00e9reo del Pac\u00edfico, incluida la zona mexicana, tiene un car\u00e1cter estrictamente preventivo y no implica restricciones ni afectaciones a las operaciones de aerol\u00edneas u operadores nacionales. A trav\u00e9s de un comunicado, la Secretar\u00eda de Infraestructura, Comunicaciones y Transportes (SICT) explic\u00f3 que el aviso de la FAA est\u00e1 orientado a reforzar la atenci\u00f3n y precauci\u00f3n en determinadas regiones del espacio a\u00e9reo, pero subray\u00f3 que no existen \u201cimplicaciones operativas ni restricciones [&hellip;]<\/p>\n","protected":false},"author":2,"featured_media":190749,"comment_status":"closed","ping_status":"closed","sticky":false,"template":"","format":"standard","meta":{"_monsterinsights_skip_tracking":false,"_monsterinsights_sitenote_active":false,"_monsterinsights_sitenote_note":"","_monsterinsights_sitenote_category":0,"footnotes":""},"categories":[1],"tags":[],"class_list":["post-190748","post","type-post","status-publish","format-standard","has-post-thumbnail","hentry","category-uncategorized","post--single"],"_links":{"self":[{"href":"https:\/\/canal7slp.tv\/2026\/wp-json\/wp\/v2\/posts\/190748","targetHints":{"allow":["GET"]}}],"collection":[{"href":"https:\/\/canal7slp.tv\/2026\/wp-json\/wp\/v2\/posts"}],"about":[{"href":"https:\/\/canal7slp.tv\/2026\/wp-json\/wp\/v2\/types\/post"}],"author":[{"embeddable":true,"href":"https:\/\/canal7slp.tv\/2026\/wp-json\/wp\/v2\/users\/2"}],"replies":[{"embeddable":true,"href":"https:\/\/canal7slp.tv\/2026\/wp-json\/wp\/v2\/comments?post=190748"}],"version-history":[{"count":1,"href":"https:\/\/canal7slp.tv\/2026\/wp-json\/wp\/v2\/posts\/190748\/revisions"}],"predecessor-version":[{"id":190750,"href":"https:\/\/canal7slp.tv\/2026\/wp-json\/wp\/v2\/posts\/190748\/revisions\/190750"}],"wp:featuredmedia":[{"embeddable":true,"href":"https:\/\/canal7slp.tv\/2026\/wp-json\/wp\/v2\/media\/190749"}],"wp:attachment":[{"href":"https:\/\/canal7slp.tv\/2026\/wp-json\/wp\/v2\/media?parent=190748"}],"wp:term":[{"taxonomy":"category","embeddable":true,"href":"https:\/\/canal7slp.tv\/2026\/wp-json\/wp\/v2\/categories?post=190748"},{"taxonomy":"post_tag","embeddable":true,"href":"https:\/\/canal7slp.tv\/2026\/wp-json\/wp\/v2\/tags?post=190748"}],"curies":[{"name":"wp","href":"https:\/\/api.w.org\/{rel}","templated":true}]}}