{"id":190678,"date":"2026-01-16T18:35:19","date_gmt":"2026-01-17T00:35:19","guid":{"rendered":"https:\/\/canal7slp.tv\/2026\/?p=190678"},"modified":"2026-01-16T18:38:11","modified_gmt":"2026-01-17T00:38:11","slug":"ferehua-2026-con-altas-expectativas-de-derrama-economica-para-ahualulco","status":"publish","type":"post","link":"https:\/\/canal7slp.tv\/2026\/ferehua-2026-con-altas-expectativas-de-derrama-economica-para-ahualulco\/","title":{"rendered":"FEREHUA 2026 con altas expectativas de derrama econ\u00f3mica para Ahualulco"},"content":{"rendered":"<p style=\"text-align: justify;\">SLP.- La Secretar\u00eda de Turismo de Gobierno del Estado de San Luis Potos\u00ed present\u00f3 las actividades que se realizar\u00e1n durante la Feria Regional de Ahualulco en su edici\u00f3n 2026.<\/p>\n<p style=\"text-align: justify;\">El director general de la Secretar\u00eda de Turismo, Edgar Lara Mart\u00ednez, extern\u00f3 los aspectos positivos de la festividad.<\/p>\n<p style=\"text-align: justify;\">\u201cEs importante dar la difusi\u00f3n de todo el trabajo que llevan los municipios y tambi\u00e9n la representaci\u00f3n de tradiciones, cultura y que en alg\u00fan momento todo lo que tiene por ofrecer\u201d.<\/p>\n<p style=\"text-align: justify;\">Por su parte el edil, Federico Monsiv\u00e1is Rojas, invit\u00f3 a la poblaci\u00f3n a ser parte de la celebraci\u00f3n.<\/p>\n<p style=\"text-align: justify;\">\u201cHacerles la invitaci\u00f3n a nuestra feria regional que es del 28 de enero al dos de febrero, pero tambi\u00e9n de nuestra fiesta patronal que es del 18 de enero al ocho de febrero (\u2026) una feria muy bonita, yo dir\u00eda que de las m\u00e1s bonitas de la regi\u00f3n, sin temor a equivocarme, hay una gran variedad en cuesti\u00f3n de la gastronom\u00eda, de las diferentes actividades culturales que tenemos\u201d.<\/p>\n<p style=\"text-align: justify;\">Roberto S\u00edas Hern\u00e1ndez, organizador de la Feria Regional de Ahualulco, asever\u00f3 que se cuidar\u00e1 la seguridad, la vialidad y mantener un ambiente familiar durante el evento.<\/p>\n<p style=\"text-align: justify;\">\u201cLa Feria de Ahualulco es escenario de fiesta, es tambi\u00e9n un escenario de reuni\u00f3n de las familias, muchas familias que est\u00e1n en el extranjero, muchas familias que est\u00e1n en algunos puntos de la Rep\u00fablica Mexicana esperamos con mucho gusto la llegada del A\u00f1o Nuevo para reunirnos con la familia en las fiestas decembrinas pero sobre todo festejar nuestra Feria Regional de Ahualulco 2026\u201d.<\/p>\n<p style=\"text-align: justify;\">La feria regional se mezclar\u00e1 con la fiesta patronal por lo que las actividades incluir\u00e1n recorridos de cera, certamen de belleza, conciertos de diversos artistas internacionales, bailes, cartelera cultural, verbena popular y otros atractivos.<\/p>\n<p>Por: Juan Carlos Contreras<\/p>\n","protected":false},"excerpt":{"rendered":"<p>SLP.- La Secretar\u00eda de Turismo de Gobierno del Estado de San Luis Potos\u00ed present\u00f3 las actividades que se realizar\u00e1n durante la Feria Regional de Ahualulco en su edici\u00f3n 2026. El director general de la Secretar\u00eda de Turismo, Edgar Lara Mart\u00ednez, extern\u00f3 los aspectos positivos de la festividad. \u201cEs importante dar la difusi\u00f3n de todo el trabajo que llevan los municipios y tambi\u00e9n la representaci\u00f3n de tradiciones, cultura y que en alg\u00fan momento todo lo que tiene por ofrecer\u201d. Por su parte el edil, Federico Monsiv\u00e1is Rojas, invit\u00f3 a la poblaci\u00f3n a ser parte de la celebraci\u00f3n. \u201cHacerles la invitaci\u00f3n a [&hellip;]<\/p>\n","protected":false},"author":2,"featured_media":190721,"comment_status":"closed","ping_status":"closed","sticky":false,"template":"","format":"video","meta":{"_monsterinsights_skip_tracking":false,"_monsterinsights_sitenote_active":false,"_monsterinsights_sitenote_note":"","_monsterinsights_sitenote_category":0,"footnotes":""},"categories":[5,510,45],"tags":[],"class_list":["post-190678","post","type-post","status-publish","format-video","has-post-thumbnail","hentry","category-destacadas","category-gobedoslp","category-localesyregionales","post_format-post-format-video","post--single"],"_links":{"self":[{"href":"https:\/\/canal7slp.tv\/2026\/wp-json\/wp\/v2\/posts\/190678","targetHints":{"allow":["GET"]}}],"collection":[{"href":"https:\/\/canal7slp.tv\/2026\/wp-json\/wp\/v2\/posts"}],"about":[{"href":"https:\/\/canal7slp.tv\/2026\/wp-json\/wp\/v2\/types\/post"}],"author":[{"embeddable":true,"href":"https:\/\/canal7slp.tv\/2026\/wp-json\/wp\/v2\/users\/2"}],"replies":[{"embeddable":true,"href":"https:\/\/canal7slp.tv\/2026\/wp-json\/wp\/v2\/comments?post=190678"}],"version-history":[{"count":2,"href":"https:\/\/canal7slp.tv\/2026\/wp-json\/wp\/v2\/posts\/190678\/revisions"}],"predecessor-version":[{"id":190722,"href":"https:\/\/canal7slp.tv\/2026\/wp-json\/wp\/v2\/posts\/190678\/revisions\/190722"}],"wp:featuredmedia":[{"embeddable":true,"href":"https:\/\/canal7slp.tv\/2026\/wp-json\/wp\/v2\/media\/190721"}],"wp:attachment":[{"href":"https:\/\/canal7slp.tv\/2026\/wp-json\/wp\/v2\/media?parent=190678"}],"wp:term":[{"taxonomy":"category","embeddable":true,"href":"https:\/\/canal7slp.tv\/2026\/wp-json\/wp\/v2\/categories?post=190678"},{"taxonomy":"post_tag","embeddable":true,"href":"https:\/\/canal7slp.tv\/2026\/wp-json\/wp\/v2\/tags?post=190678"}],"curies":[{"name":"wp","href":"https:\/\/api.w.org\/{rel}","templated":true}]}}