{"id":190677,"date":"2026-01-16T18:20:00","date_gmt":"2026-01-17T00:20:00","guid":{"rendered":"https:\/\/canal7slp.tv\/2026\/?p=190677"},"modified":"2026-01-16T18:20:00","modified_gmt":"2026-01-17T00:20:00","slug":"homenaje-postumo-rindio-cabildo-capitalino-al-exgobernador-guillermo-fonseca","status":"publish","type":"post","link":"https:\/\/canal7slp.tv\/2026\/homenaje-postumo-rindio-cabildo-capitalino-al-exgobernador-guillermo-fonseca\/","title":{"rendered":"Homenaje p\u00f3stumo rindi\u00f3 Cabildo Capitalino al exgobernador Guillermo Fonseca"},"content":{"rendered":"<p style=\"text-align: justify;\"><span style=\"font-size: 1.21429rem;\">SLP.- Se realiz\u00f3 la trig\u00e9simo primera sesi\u00f3n ordinaria de Cabildo del Ayuntamiento de San Luis Potos\u00ed 2024-2027, encabezado por el edil Enrique Galindo Ceballos, durante la misma, se rindi\u00f3 homenaje p\u00f3stumo al exgobernador del estado y expresidente municipal, Guillermo Fonseca \u00c1lvarez.<\/span><\/p>\n<p style=\"text-align: justify;\">\u201cHoy San Luis Potos\u00ed guarda un momento de respeto y reflexi\u00f3n por el fallecimiento de Guillermo Fonseca \u00c1lvarez, exgobernador del estado, expresidente municipal de San Luis Potos\u00ed, jurista y servidor p\u00fablico cuya trayectoria dej\u00f3 una huella significativa en la vida institucional de nuestra ciudad, de nuestro estado y de nuestro pa\u00eds\u201d.<\/p>\n<p style=\"text-align: justify;\">El exgobernador y exalcalde falleci\u00f3 la ma\u00f1ana del 15 de enero a la edad de 92 a\u00f1os, fue militante del Partido Revolucionario Institucional y ejerci\u00f3 el cargo de gobernador del 26 de septiembre de 1973 al 25 de septiembre de 1979.<\/p>\n<p style=\"text-align: justify;\">\u201cY otra gran cantidad de puestos y cargos en los que se desempe\u00f1\u00f3 siempre con su vocaci\u00f3n de servicio, su compromiso con la ciudad, su compromiso con los y las potosinas, hoy dej\u00f3 una huella imborrable para nosotros\u201d.<\/p>\n<p style=\"text-align: justify;\">Fonseca \u00c1lvarez logr\u00f3 hitos como la construcci\u00f3n del Centro de Abastos, del Mercado Rep\u00fablica, de la Unidad del H\u00e1bitat de Universidad Aut\u00f3noma de San Luis Potos\u00ed, la Unidad Administrativa y Seguridad P\u00fablica, el edificio de Pensiones y otros.<\/p>\n<p style=\"text-align: justify;\">Para continuar con la sesi\u00f3n se realiz\u00f3 una guardia de honor por parte de familiares y miembros del Cabildo y posterior a ello se aprobaron actas, estados financieros del a\u00f1o 2025 y se dio la autorizaci\u00f3n de la celebraci\u00f3n de sesi\u00f3n de Cabildo en la explanada de la Delegaci\u00f3n de la Pila para la segunda quincena del mes de enero del presente a\u00f1o.<\/p>\n<p>Por: Juan Carlos Contreras<\/p>\n","protected":false},"excerpt":{"rendered":"<p>SLP.- Se realiz\u00f3 la trig\u00e9simo primera sesi\u00f3n ordinaria de Cabildo del Ayuntamiento de San Luis Potos\u00ed 2024-2027, encabezado por el edil Enrique Galindo Ceballos, durante la misma, se rindi\u00f3 homenaje p\u00f3stumo al exgobernador del estado y expresidente municipal, Guillermo Fonseca \u00c1lvarez. \u201cHoy San Luis Potos\u00ed guarda un momento de respeto y reflexi\u00f3n por el fallecimiento de Guillermo Fonseca \u00c1lvarez, exgobernador del estado, expresidente municipal de San Luis Potos\u00ed, jurista y servidor p\u00fablico cuya trayectoria dej\u00f3 una huella significativa en la vida institucional de nuestra ciudad, de nuestro estado y de nuestro pa\u00eds\u201d. El exgobernador y exalcalde falleci\u00f3 la ma\u00f1ana del [&hellip;]<\/p>\n","protected":false},"author":2,"featured_media":190718,"comment_status":"closed","ping_status":"closed","sticky":false,"template":"","format":"video","meta":{"_monsterinsights_skip_tracking":false,"_monsterinsights_sitenote_active":false,"_monsterinsights_sitenote_note":"","_monsterinsights_sitenote_category":0,"footnotes":""},"categories":[66,5,45],"tags":[],"class_list":["post-190677","post","type-post","status-publish","format-video","has-post-thumbnail","hentry","category-ayoslp","category-destacadas","category-localesyregionales","post_format-post-format-video","post--single"],"_links":{"self":[{"href":"https:\/\/canal7slp.tv\/2026\/wp-json\/wp\/v2\/posts\/190677","targetHints":{"allow":["GET"]}}],"collection":[{"href":"https:\/\/canal7slp.tv\/2026\/wp-json\/wp\/v2\/posts"}],"about":[{"href":"https:\/\/canal7slp.tv\/2026\/wp-json\/wp\/v2\/types\/post"}],"author":[{"embeddable":true,"href":"https:\/\/canal7slp.tv\/2026\/wp-json\/wp\/v2\/users\/2"}],"replies":[{"embeddable":true,"href":"https:\/\/canal7slp.tv\/2026\/wp-json\/wp\/v2\/comments?post=190677"}],"version-history":[{"count":2,"href":"https:\/\/canal7slp.tv\/2026\/wp-json\/wp\/v2\/posts\/190677\/revisions"}],"predecessor-version":[{"id":190719,"href":"https:\/\/canal7slp.tv\/2026\/wp-json\/wp\/v2\/posts\/190677\/revisions\/190719"}],"wp:featuredmedia":[{"embeddable":true,"href":"https:\/\/canal7slp.tv\/2026\/wp-json\/wp\/v2\/media\/190718"}],"wp:attachment":[{"href":"https:\/\/canal7slp.tv\/2026\/wp-json\/wp\/v2\/media?parent=190677"}],"wp:term":[{"taxonomy":"category","embeddable":true,"href":"https:\/\/canal7slp.tv\/2026\/wp-json\/wp\/v2\/categories?post=190677"},{"taxonomy":"post_tag","embeddable":true,"href":"https:\/\/canal7slp.tv\/2026\/wp-json\/wp\/v2\/tags?post=190677"}],"curies":[{"name":"wp","href":"https:\/\/api.w.org\/{rel}","templated":true}]}}