{"id":190674,"date":"2026-01-16T15:48:37","date_gmt":"2026-01-16T21:48:37","guid":{"rendered":"https:\/\/canal7slp.tv\/2026\/?p=190674"},"modified":"2026-01-16T15:48:37","modified_gmt":"2026-01-16T21:48:37","slug":"teheran-promete-respuesta-contundente-si-eua-ataca","status":"publish","type":"post","link":"https:\/\/canal7slp.tv\/2026\/teheran-promete-respuesta-contundente-si-eua-ataca\/","title":{"rendered":"Teher\u00e1n promete respuesta contundente si EUA ataca"},"content":{"rendered":"<p style=\"text-align: justify;\">Nueva York.- El representante permanente adjunto de Ir\u00e1n ante la ONU, Gholamhossein Darzi, advirti\u00f3 este jueves ante el Consejo de Seguridad que su pa\u00eds responder\u00e1 de manera \u201cdecisiva\u201d y conforme al derecho internacional ante cualquier agresi\u00f3n, en respuesta a las recientes amenazas del presidente de Estados Unidos, Donald Trump, sobre una posible acci\u00f3n militar en la regi\u00f3n.<\/p>\n<p style=\"text-align: justify;\">Darzi afirm\u00f3 que \u201cIr\u00e1n no busca una escalada ni una confrontaci\u00f3n\u201d, pero subray\u00f3 que cualquier acto de agresi\u00f3n, ya sea directo o indirecto, ser\u00e1 respondido con una acci\u00f3n decisiva, proporcional y legal, amparada en el art\u00edculo 51 de la Carta de las Naciones Unidas, que establece el derecho a la leg\u00edtima defensa.<\/p>\n<p style=\"text-align: justify;\">Durante la sesi\u00f3n, solicitada por la delegaci\u00f3n estadounidense, el diplom\u00e1tico iran\u00ed se\u00f1al\u00f3 que la \u201cincitaci\u00f3n a la violencia, el fomento de la desestabilizaci\u00f3n interna y la amenaza expl\u00edcita de acci\u00f3n militar\u201d contra Ir\u00e1n constituyen una amenaza para la paz y la seguridad internacionales.<\/p>\n<p style=\"text-align: justify;\">Desde el inicio de las protestas antigubernamentales en Ir\u00e1n, el 28 de diciembre, organizaciones como IHRNGO han reportado la muerte de aproximadamente 3,428 personas y miles de heridos. Darzi rechaz\u00f3 las acusaciones contra el r\u00e9gimen iran\u00ed y atribuy\u00f3 al Estado Isl\u00e1mico la responsabilidad por las muertes de manifestantes, argumentando que las protestas comenzaron de manera pac\u00edfica, pero fueron posteriormente \u201csecuestradas\u201d por grupos armados organizados.<\/p>\n<p style=\"text-align: justify;\">El diplom\u00e1tico tambi\u00e9n acus\u00f3 a Estados Unidos de involucrarse directamente en la promoci\u00f3n de disturbios violentos dentro de Ir\u00e1n, y sugiri\u00f3 que estas acciones forman parte de un intento de Israel por arrastrar a Washington hacia una nueva guerra de agresi\u00f3n contra su pa\u00eds. Por su parte, Trump no ha descartado el uso de la fuerza militar si el gobierno iran\u00ed contin\u00faa reprimiendo las protestas civiles, postura que ha sido cuestionada por diversos sectores de la ONU. Darzi respondi\u00f3 se\u00f1alando que Estados Unidos busca justificar una posible intervenci\u00f3n bajo una supuesta narrativa humanitaria.<\/p>\n<p style=\"text-align: justify;\">En la misma sesi\u00f3n, el representante estadounidense Mike Waltz declar\u00f3 que \u201ctodas las opciones est\u00e1n sobre la mesa\u201d para \u201cdetener la masacre\u201d en las protestas. En contraste, Rusia y China defendieron la soberan\u00eda e integridad territorial de Ir\u00e1n. La delegaci\u00f3n rusa calific\u00f3 la reuni\u00f3n del Consejo como \u201cotro intento\u201d de Washington para \u201cjustificar una agresi\u00f3n descarada e interferencia en los asuntos internos de un Estado soberano\u201d.<\/p>\n<p style=\"text-align: justify;\">Otros pa\u00edses, como Francia, sostuvieron que solo el pueblo iran\u00ed \u201cdebe decidir su destino\u201d, aunque enfatizaron la \u201cresponsabilidad colectiva\u201d de la comunidad internacional para denunciar la violencia y la represi\u00f3n registradas durante las manifestaciones.<\/p>\n","protected":false},"excerpt":{"rendered":"<p>Nueva York.- El representante permanente adjunto de Ir\u00e1n ante la ONU, Gholamhossein Darzi, advirti\u00f3 este jueves ante el Consejo de Seguridad que su pa\u00eds responder\u00e1 de manera \u201cdecisiva\u201d y conforme al derecho internacional ante cualquier agresi\u00f3n, en respuesta a las recientes amenazas del presidente de Estados Unidos, Donald Trump, sobre una posible acci\u00f3n militar en la regi\u00f3n. Darzi afirm\u00f3 que \u201cIr\u00e1n no busca una escalada ni una confrontaci\u00f3n\u201d, pero subray\u00f3 que cualquier acto de agresi\u00f3n, ya sea directo o indirecto, ser\u00e1 respondido con una acci\u00f3n decisiva, proporcional y legal, amparada en el art\u00edculo 51 de la Carta de las Naciones [&hellip;]<\/p>\n","protected":false},"author":2,"featured_media":190683,"comment_status":"closed","ping_status":"closed","sticky":false,"template":"","format":"standard","meta":{"_monsterinsights_skip_tracking":false,"_monsterinsights_sitenote_active":false,"_monsterinsights_sitenote_note":"","_monsterinsights_sitenote_category":0,"footnotes":""},"categories":[44],"tags":[],"class_list":["post-190674","post","type-post","status-publish","format-standard","has-post-thumbnail","hentry","category-internacional","post--single"],"_links":{"self":[{"href":"https:\/\/canal7slp.tv\/2026\/wp-json\/wp\/v2\/posts\/190674","targetHints":{"allow":["GET"]}}],"collection":[{"href":"https:\/\/canal7slp.tv\/2026\/wp-json\/wp\/v2\/posts"}],"about":[{"href":"https:\/\/canal7slp.tv\/2026\/wp-json\/wp\/v2\/types\/post"}],"author":[{"embeddable":true,"href":"https:\/\/canal7slp.tv\/2026\/wp-json\/wp\/v2\/users\/2"}],"replies":[{"embeddable":true,"href":"https:\/\/canal7slp.tv\/2026\/wp-json\/wp\/v2\/comments?post=190674"}],"version-history":[{"count":1,"href":"https:\/\/canal7slp.tv\/2026\/wp-json\/wp\/v2\/posts\/190674\/revisions"}],"predecessor-version":[{"id":190684,"href":"https:\/\/canal7slp.tv\/2026\/wp-json\/wp\/v2\/posts\/190674\/revisions\/190684"}],"wp:featuredmedia":[{"embeddable":true,"href":"https:\/\/canal7slp.tv\/2026\/wp-json\/wp\/v2\/media\/190683"}],"wp:attachment":[{"href":"https:\/\/canal7slp.tv\/2026\/wp-json\/wp\/v2\/media?parent=190674"}],"wp:term":[{"taxonomy":"category","embeddable":true,"href":"https:\/\/canal7slp.tv\/2026\/wp-json\/wp\/v2\/categories?post=190674"},{"taxonomy":"post_tag","embeddable":true,"href":"https:\/\/canal7slp.tv\/2026\/wp-json\/wp\/v2\/tags?post=190674"}],"curies":[{"name":"wp","href":"https:\/\/api.w.org\/{rel}","templated":true}]}}