{"id":190669,"date":"2026-01-16T15:31:34","date_gmt":"2026-01-16T21:31:34","guid":{"rendered":"https:\/\/canal7slp.tv\/2026\/?p=190669"},"modified":"2026-01-16T15:31:34","modified_gmt":"2026-01-16T21:31:34","slug":"seleccion-mexicana-convoco-a-eduardo-aguila","status":"publish","type":"post","link":"https:\/\/canal7slp.tv\/2026\/seleccion-mexicana-convoco-a-eduardo-aguila\/","title":{"rendered":"Selecci\u00f3n Mexicana convoc\u00f3 a Eduardo \u00c1guila"},"content":{"rendered":"<p style=\"text-align: justify;\">SLP.- Se dio a conocer la lista de jugadores convocados a la Selecci\u00f3n Nacional de M\u00e9xico para sus compromisos de preparaci\u00f3n rumbo a la Copa del Mundo 2026, donde se encuentra Eduardo \u00c1guila, defensor del Atl\u00e9tico de San Luis.<\/p>\n<p style=\"text-align: justify;\">Como parte de su primera gira de preparaci\u00f3n del a\u00f1o, el conjunto dirigido por Javier Aguirre disputar\u00e1 dos encuentros internacionales, el primero de ellos el 22 de enero ante Panam\u00e1 y posteriormente el 25 de enero frente a Bolivia, ambos en condici\u00f3n de visitante. Para estos compromisos, el cuerpo t\u00e9cnico de la Selecci\u00f3n Nacional convoc\u00f3 a 27 futbolistas.<\/p>\n<p style=\"text-align: justify;\">Dentro de la lista destaca la presencia de Eduardo \u00c1guila, quien se ha consolidado como un elemento clave en la zaga potosina gracias a su regularidad y solidez defensiva. Durante el torneo Apertura 2025, el defensor nacido en Ocotl\u00e1n, Jalisco, acumul\u00f3 mil 339 minutos de juego, sum\u00f3 14 titularidades y aport\u00f3 una anotaci\u00f3n, reflejando su crecimiento y constancia en el m\u00e1ximo circuito.<\/p>\n","protected":false},"excerpt":{"rendered":"<p>SLP.- Se dio a conocer la lista de jugadores convocados a la Selecci\u00f3n Nacional de M\u00e9xico para sus compromisos de preparaci\u00f3n rumbo a la Copa del Mundo 2026, donde se encuentra Eduardo \u00c1guila, defensor del Atl\u00e9tico de San Luis. Como parte de su primera gira de preparaci\u00f3n del a\u00f1o, el conjunto dirigido por Javier Aguirre disputar\u00e1 dos encuentros internacionales, el primero de ellos el 22 de enero ante Panam\u00e1 y posteriormente el 25 de enero frente a Bolivia, ambos en condici\u00f3n de visitante. Para estos compromisos, el cuerpo t\u00e9cnico de la Selecci\u00f3n Nacional convoc\u00f3 a 27 futbolistas. Dentro de la [&hellip;]<\/p>\n","protected":false},"author":2,"featured_media":190672,"comment_status":"closed","ping_status":"closed","sticky":false,"template":"","format":"video","meta":{"_monsterinsights_skip_tracking":false,"_monsterinsights_sitenote_active":false,"_monsterinsights_sitenote_note":"","_monsterinsights_sitenote_category":0,"footnotes":""},"categories":[7,5],"tags":[],"class_list":["post-190669","post","type-post","status-publish","format-video","has-post-thumbnail","hentry","category-deportes","category-destacadas","post_format-post-format-video","post--single"],"_links":{"self":[{"href":"https:\/\/canal7slp.tv\/2026\/wp-json\/wp\/v2\/posts\/190669","targetHints":{"allow":["GET"]}}],"collection":[{"href":"https:\/\/canal7slp.tv\/2026\/wp-json\/wp\/v2\/posts"}],"about":[{"href":"https:\/\/canal7slp.tv\/2026\/wp-json\/wp\/v2\/types\/post"}],"author":[{"embeddable":true,"href":"https:\/\/canal7slp.tv\/2026\/wp-json\/wp\/v2\/users\/2"}],"replies":[{"embeddable":true,"href":"https:\/\/canal7slp.tv\/2026\/wp-json\/wp\/v2\/comments?post=190669"}],"version-history":[{"count":1,"href":"https:\/\/canal7slp.tv\/2026\/wp-json\/wp\/v2\/posts\/190669\/revisions"}],"predecessor-version":[{"id":190673,"href":"https:\/\/canal7slp.tv\/2026\/wp-json\/wp\/v2\/posts\/190669\/revisions\/190673"}],"wp:featuredmedia":[{"embeddable":true,"href":"https:\/\/canal7slp.tv\/2026\/wp-json\/wp\/v2\/media\/190672"}],"wp:attachment":[{"href":"https:\/\/canal7slp.tv\/2026\/wp-json\/wp\/v2\/media?parent=190669"}],"wp:term":[{"taxonomy":"category","embeddable":true,"href":"https:\/\/canal7slp.tv\/2026\/wp-json\/wp\/v2\/categories?post=190669"},{"taxonomy":"post_tag","embeddable":true,"href":"https:\/\/canal7slp.tv\/2026\/wp-json\/wp\/v2\/tags?post=190669"}],"curies":[{"name":"wp","href":"https:\/\/api.w.org\/{rel}","templated":true}]}}