{"id":190651,"date":"2026-01-16T14:40:43","date_gmt":"2026-01-16T20:40:43","guid":{"rendered":"https:\/\/canal7slp.tv\/2026\/?p=190651"},"modified":"2026-01-16T14:40:43","modified_gmt":"2026-01-16T20:40:43","slug":"entra-en-vigor-prohibicion-total-de-vapeadores-y-cigarrillos-electronicos-en-mexico","status":"publish","type":"post","link":"https:\/\/canal7slp.tv\/2026\/entra-en-vigor-prohibicion-total-de-vapeadores-y-cigarrillos-electronicos-en-mexico\/","title":{"rendered":"Entra en vigor prohibici\u00f3n total de vapeadores y cigarrillos electr\u00f3nicos en M\u00e9xico"},"content":{"rendered":"<p style=\"text-align: justify;\">\n<p style=\"text-align: justify;\">M\u00e9xico.- A partir de este 16 de enero entra en vigor en M\u00e9xico la prohibici\u00f3n total de los vapeadores, cigarrillos electr\u00f3nicos y cualquier dispositivo mec\u00e1nico, electr\u00f3nico o tecnol\u00f3gico destinado a calentar, vaporizar o atomizar sustancias, con o sin nicotina. La medida se aplica un d\u00eda despu\u00e9s de la publicaci\u00f3n en el Diario Oficial de la Federaci\u00f3n (DOF) de la reforma a la Ley General de Salud.<\/p>\n<p style=\"text-align: justify;\">El art\u00edculo 282 de la nueva legislaci\u00f3n establece que queda prohibida en todo el territorio nacional la adquisici\u00f3n con fines de comercializaci\u00f3n, as\u00ed como la preparaci\u00f3n, producci\u00f3n, fabricaci\u00f3n, mezclado, acondicionamiento, envasado, transporte con prop\u00f3sitos comerciales, almacenamiento, importaci\u00f3n, exportaci\u00f3n, comercio, distribuci\u00f3n, venta y suministro de estos dispositivos, incluidos aquellos desechables o de un solo uso.<\/p>\n<p style=\"text-align: justify;\">No obstante, la normativa aclara que el consumo y la posesi\u00f3n de estos productos estar\u00e1n permitidos siempre que no tengan fines comerciales.<\/p>\n<p style=\"text-align: justify;\">La reforma tambi\u00e9n proh\u00edbe cualquier forma de comercializaci\u00f3n, publicidad o propaganda relacionada con cigarrillos electr\u00f3nicos, vapeadores y dispositivos an\u00e1logos, ya sea a trav\u00e9s de medios impresos, digitales, televisivos, radiales o cualquier otro canal de comunicaci\u00f3n.<\/p>\n<p style=\"text-align: justify;\">Adem\u00e1s, se establece que todas las autorizaciones sanitarias otorgadas previamente para este tipo de productos quedar\u00e1n sin efecto a partir de la entrada en vigor de la prohibici\u00f3n.<\/p>\n<p style=\"text-align: justify;\">Quienes incumplan estas disposiciones podr\u00edan enfrentar sanciones penales que van de uno a ocho a\u00f1os de prisi\u00f3n, as\u00ed como multas de entre 100 y 2,000 Unidades de Medida y Actualizaci\u00f3n (UMA), equivalentes a un rango aproximado de 11,314 a 226,280 pesos.<\/p>\n<p style=\"text-align: justify;\">\n","protected":false},"excerpt":{"rendered":"<p>M\u00e9xico.- A partir de este 16 de enero entra en vigor en M\u00e9xico la prohibici\u00f3n total de los vapeadores, cigarrillos electr\u00f3nicos y cualquier dispositivo mec\u00e1nico, electr\u00f3nico o tecnol\u00f3gico destinado a calentar, vaporizar o atomizar sustancias, con o sin nicotina. La medida se aplica un d\u00eda despu\u00e9s de la publicaci\u00f3n en el Diario Oficial de la Federaci\u00f3n (DOF) de la reforma a la Ley General de Salud. El art\u00edculo 282 de la nueva legislaci\u00f3n establece que queda prohibida en todo el territorio nacional la adquisici\u00f3n con fines de comercializaci\u00f3n, as\u00ed como la preparaci\u00f3n, producci\u00f3n, fabricaci\u00f3n, mezclado, acondicionamiento, envasado, transporte con prop\u00f3sitos [&hellip;]<\/p>\n","protected":false},"author":2,"featured_media":190652,"comment_status":"closed","ping_status":"closed","sticky":false,"template":"","format":"standard","meta":{"_monsterinsights_skip_tracking":false,"_monsterinsights_sitenote_active":false,"_monsterinsights_sitenote_note":"","_monsterinsights_sitenote_category":0,"footnotes":""},"categories":[46],"tags":[],"class_list":["post-190651","post","type-post","status-publish","format-standard","has-post-thumbnail","hentry","category-nacional","post--single"],"_links":{"self":[{"href":"https:\/\/canal7slp.tv\/2026\/wp-json\/wp\/v2\/posts\/190651","targetHints":{"allow":["GET"]}}],"collection":[{"href":"https:\/\/canal7slp.tv\/2026\/wp-json\/wp\/v2\/posts"}],"about":[{"href":"https:\/\/canal7slp.tv\/2026\/wp-json\/wp\/v2\/types\/post"}],"author":[{"embeddable":true,"href":"https:\/\/canal7slp.tv\/2026\/wp-json\/wp\/v2\/users\/2"}],"replies":[{"embeddable":true,"href":"https:\/\/canal7slp.tv\/2026\/wp-json\/wp\/v2\/comments?post=190651"}],"version-history":[{"count":1,"href":"https:\/\/canal7slp.tv\/2026\/wp-json\/wp\/v2\/posts\/190651\/revisions"}],"predecessor-version":[{"id":190653,"href":"https:\/\/canal7slp.tv\/2026\/wp-json\/wp\/v2\/posts\/190651\/revisions\/190653"}],"wp:featuredmedia":[{"embeddable":true,"href":"https:\/\/canal7slp.tv\/2026\/wp-json\/wp\/v2\/media\/190652"}],"wp:attachment":[{"href":"https:\/\/canal7slp.tv\/2026\/wp-json\/wp\/v2\/media?parent=190651"}],"wp:term":[{"taxonomy":"category","embeddable":true,"href":"https:\/\/canal7slp.tv\/2026\/wp-json\/wp\/v2\/categories?post=190651"},{"taxonomy":"post_tag","embeddable":true,"href":"https:\/\/canal7slp.tv\/2026\/wp-json\/wp\/v2\/tags?post=190651"}],"curies":[{"name":"wp","href":"https:\/\/api.w.org\/{rel}","templated":true}]}}