{"id":190611,"date":"2026-01-16T10:30:18","date_gmt":"2026-01-16T16:30:18","guid":{"rendered":"https:\/\/canal7slp.tv\/2026\/?p=190611"},"modified":"2026-01-15T18:00:48","modified_gmt":"2026-01-16T00:00:48","slug":"piden-rectores-revision-ante-ajustes-presupuestales-en-el-convenio-federacion-estado-2026","status":"publish","type":"post","link":"https:\/\/canal7slp.tv\/2026\/piden-rectores-revision-ante-ajustes-presupuestales-en-el-convenio-federacion-estado-2026\/","title":{"rendered":"Piden rectores revisi\u00f3n ante ajustes presupuestales en el convenio Federaci\u00f3n-Estado 2026"},"content":{"rendered":"<p style=\"text-align: justify;\">SLP.-\u00a0El rector de la Universidad Aut\u00f3noma de San Luis Potos\u00ed Alejandro Zerme\u00f1o Guerra manifest\u00f3 su inconformidad por el incremento otorgado al presupuesto de esta instituci\u00f3n, en el marco del convenio Federaci\u00f3n-Estado al decir que tiene algunas inconsistencias que dijo, impiden su firma inmediata.<\/p>\n<p style=\"text-align: justify;\">Y es que coment\u00f3 que existen aspectos legales y fiscales que a nivel nacional est\u00e1n siendo revisados y que ser\u00e1n abordados en la reuni\u00f3n del pr\u00f3ximo lunes, con autoridades federales del sector educativo.<\/p>\n<p style=\"text-align: justify;\">En este mismo tema el rector de la Universidad Nacional Aut\u00f3noma de M\u00e9xico Leonardo Lomel\u00ed Vanegas afirm\u00f3 que esta instituci\u00f3n, respalda las gestiones de la Asociaci\u00f3n Nacional de Universidades e Instituciones de Educaci\u00f3n Superior para fortalecer el financiamiento de las universidades estatales, al decirse confiado en que habr\u00e1 apertura para atender temas como la gratuidad y fondos compensatorios.<\/p>\n<p>Por: Claudio Ibarra<\/p>\n","protected":false},"excerpt":{"rendered":"<p>SLP.-\u00a0El rector de la Universidad Aut\u00f3noma de San Luis Potos\u00ed Alejandro Zerme\u00f1o Guerra manifest\u00f3 su inconformidad por el incremento otorgado al presupuesto de esta instituci\u00f3n, en el marco del convenio Federaci\u00f3n-Estado al decir que tiene algunas inconsistencias que dijo, impiden su firma inmediata. Y es que coment\u00f3 que existen aspectos legales y fiscales que a nivel nacional est\u00e1n siendo revisados y que ser\u00e1n abordados en la reuni\u00f3n del pr\u00f3ximo lunes, con autoridades federales del sector educativo. En este mismo tema el rector de la Universidad Nacional Aut\u00f3noma de M\u00e9xico Leonardo Lomel\u00ed Vanegas afirm\u00f3 que esta instituci\u00f3n, respalda las gestiones de [&hellip;]<\/p>\n","protected":false},"author":2,"featured_media":190621,"comment_status":"closed","ping_status":"closed","sticky":false,"template":"","format":"video","meta":{"_monsterinsights_skip_tracking":false,"_monsterinsights_sitenote_active":false,"_monsterinsights_sitenote_note":"","_monsterinsights_sitenote_category":0,"footnotes":""},"categories":[5,45],"tags":[],"class_list":["post-190611","post","type-post","status-publish","format-video","has-post-thumbnail","hentry","category-destacadas","category-localesyregionales","post_format-post-format-video","post--single"],"_links":{"self":[{"href":"https:\/\/canal7slp.tv\/2026\/wp-json\/wp\/v2\/posts\/190611","targetHints":{"allow":["GET"]}}],"collection":[{"href":"https:\/\/canal7slp.tv\/2026\/wp-json\/wp\/v2\/posts"}],"about":[{"href":"https:\/\/canal7slp.tv\/2026\/wp-json\/wp\/v2\/types\/post"}],"author":[{"embeddable":true,"href":"https:\/\/canal7slp.tv\/2026\/wp-json\/wp\/v2\/users\/2"}],"replies":[{"embeddable":true,"href":"https:\/\/canal7slp.tv\/2026\/wp-json\/wp\/v2\/comments?post=190611"}],"version-history":[{"count":3,"href":"https:\/\/canal7slp.tv\/2026\/wp-json\/wp\/v2\/posts\/190611\/revisions"}],"predecessor-version":[{"id":190628,"href":"https:\/\/canal7slp.tv\/2026\/wp-json\/wp\/v2\/posts\/190611\/revisions\/190628"}],"wp:featuredmedia":[{"embeddable":true,"href":"https:\/\/canal7slp.tv\/2026\/wp-json\/wp\/v2\/media\/190621"}],"wp:attachment":[{"href":"https:\/\/canal7slp.tv\/2026\/wp-json\/wp\/v2\/media?parent=190611"}],"wp:term":[{"taxonomy":"category","embeddable":true,"href":"https:\/\/canal7slp.tv\/2026\/wp-json\/wp\/v2\/categories?post=190611"},{"taxonomy":"post_tag","embeddable":true,"href":"https:\/\/canal7slp.tv\/2026\/wp-json\/wp\/v2\/tags?post=190611"}],"curies":[{"name":"wp","href":"https:\/\/api.w.org\/{rel}","templated":true}]}}