{"id":190528,"date":"2026-01-15T12:22:44","date_gmt":"2026-01-15T18:22:44","guid":{"rendered":"https:\/\/canal7slp.tv\/2026\/?p=190528"},"modified":"2026-01-15T12:22:44","modified_gmt":"2026-01-15T18:22:44","slug":"capturan-a-presunto-lider-del-cartel-de-sinaloa","status":"publish","type":"post","link":"https:\/\/canal7slp.tv\/2026\/capturan-a-presunto-lider-del-cartel-de-sinaloa\/","title":{"rendered":"Capturan a presunto l\u00edder del C\u00e1rtel de Sinaloa"},"content":{"rendered":"<p style=\"text-align: justify;\">Sinaloa.- El Gabinete de Seguridad de M\u00e9xico inform\u00f3 sobre la captura de Daniel Alfredo \u201cN\u201d, conocido como \u201cEl Cubano\u201d, identificado como l\u00edder de una c\u00e9lula delictiva vinculada al C\u00e1rtel de Sinaloa.<\/p>\n<p style=\"text-align: justify;\">La detenci\u00f3n se realiz\u00f3 en el estado de Sinaloa como resultado de un operativo conjunto en el que participaron la Secretar\u00eda de Marina, la Fiscal\u00eda General de la Rep\u00fablica, la Secretar\u00eda de Seguridad y Protecci\u00f3n Ciudadana, la Secretar\u00eda de la Defensa Nacional y la Guardia Nacional.<\/p>\n<p style=\"text-align: justify;\">De acuerdo con las autoridades, \u201cEl Cubano\u201d es se\u00f1alado como responsable de coordinar la distribuci\u00f3n de drogas sint\u00e9ticas hacia Estados Unidos.<\/p>\n<p style=\"text-align: justify;\">En su contra existe una orden de detenci\u00f3n provisional con fines de extradici\u00f3n por delitos como operaciones con recursos de procedencia il\u00edcita y delincuencia organizada, y es requerido por el Bur\u00f3 Federal de Investigaciones (FBI).<\/p>\n<p style=\"text-align: justify;\">Durante el operativo, los elementos de seguridad actuaron en cumplimiento de una orden de aprehensi\u00f3n y notificaron al detenido sus derechos constitucionales.<\/p>\n<p style=\"text-align: justify;\">Posteriormente, fue puesto a disposici\u00f3n del Ministerio P\u00fablico y trasladado a la Ciudad de M\u00e9xico para continuar con los procedimientos legales correspondientes.<\/p>\n<p style=\"text-align: justify;\">Las investigaciones apuntan a que el detenido manten\u00eda operaciones en los estados de Sinaloa y Chihuahua, donde organizaba la log\u00edstica del tr\u00e1fico de drogas a nivel transnacional y dirig\u00eda la producci\u00f3n de sustancias sint\u00e9ticas.<\/p>\n<p style=\"text-align: justify;\">Adem\u00e1s, se le identifica como operador financiero encargado de actividades de lavado de dinero destinadas a fortalecer la estructura de la organizaci\u00f3n criminal.<\/p>\n<p style=\"text-align: justify;\">El Gabinete de Seguridad destac\u00f3 que esta captura representa un golpe significativo contra las redes de tr\u00e1fico de drogas y sus mecanismos de financiamiento.<\/p>\n<p style=\"text-align: justify;\">Las instituciones federales reiteraron su compromiso de combatir la distribuci\u00f3n de sustancias il\u00edcitas y de debilitar las estructuras del crimen organizado para proteger a la poblaci\u00f3n, especialmente a la juventud.<\/p>\n","protected":false},"excerpt":{"rendered":"<p>Sinaloa.- El Gabinete de Seguridad de M\u00e9xico inform\u00f3 sobre la captura de Daniel Alfredo \u201cN\u201d, conocido como \u201cEl Cubano\u201d, identificado como l\u00edder de una c\u00e9lula delictiva vinculada al C\u00e1rtel de Sinaloa. La detenci\u00f3n se realiz\u00f3 en el estado de Sinaloa como resultado de un operativo conjunto en el que participaron la Secretar\u00eda de Marina, la Fiscal\u00eda General de la Rep\u00fablica, la Secretar\u00eda de Seguridad y Protecci\u00f3n Ciudadana, la Secretar\u00eda de la Defensa Nacional y la Guardia Nacional. De acuerdo con las autoridades, \u201cEl Cubano\u201d es se\u00f1alado como responsable de coordinar la distribuci\u00f3n de drogas sint\u00e9ticas hacia Estados Unidos. En su [&hellip;]<\/p>\n","protected":false},"author":2,"featured_media":190529,"comment_status":"closed","ping_status":"closed","sticky":false,"template":"","format":"standard","meta":{"_monsterinsights_skip_tracking":false,"_monsterinsights_sitenote_active":false,"_monsterinsights_sitenote_note":"","_monsterinsights_sitenote_category":0,"footnotes":""},"categories":[46],"tags":[],"class_list":["post-190528","post","type-post","status-publish","format-standard","has-post-thumbnail","hentry","category-nacional","post--single"],"_links":{"self":[{"href":"https:\/\/canal7slp.tv\/2026\/wp-json\/wp\/v2\/posts\/190528","targetHints":{"allow":["GET"]}}],"collection":[{"href":"https:\/\/canal7slp.tv\/2026\/wp-json\/wp\/v2\/posts"}],"about":[{"href":"https:\/\/canal7slp.tv\/2026\/wp-json\/wp\/v2\/types\/post"}],"author":[{"embeddable":true,"href":"https:\/\/canal7slp.tv\/2026\/wp-json\/wp\/v2\/users\/2"}],"replies":[{"embeddable":true,"href":"https:\/\/canal7slp.tv\/2026\/wp-json\/wp\/v2\/comments?post=190528"}],"version-history":[{"count":1,"href":"https:\/\/canal7slp.tv\/2026\/wp-json\/wp\/v2\/posts\/190528\/revisions"}],"predecessor-version":[{"id":190530,"href":"https:\/\/canal7slp.tv\/2026\/wp-json\/wp\/v2\/posts\/190528\/revisions\/190530"}],"wp:featuredmedia":[{"embeddable":true,"href":"https:\/\/canal7slp.tv\/2026\/wp-json\/wp\/v2\/media\/190529"}],"wp:attachment":[{"href":"https:\/\/canal7slp.tv\/2026\/wp-json\/wp\/v2\/media?parent=190528"}],"wp:term":[{"taxonomy":"category","embeddable":true,"href":"https:\/\/canal7slp.tv\/2026\/wp-json\/wp\/v2\/categories?post=190528"},{"taxonomy":"post_tag","embeddable":true,"href":"https:\/\/canal7slp.tv\/2026\/wp-json\/wp\/v2\/tags?post=190528"}],"curies":[{"name":"wp","href":"https:\/\/api.w.org\/{rel}","templated":true}]}}