{"id":190485,"date":"2026-01-15T10:30:05","date_gmt":"2026-01-15T16:30:05","guid":{"rendered":"https:\/\/canal7slp.tv\/2026\/?p=190485"},"modified":"2026-01-14T18:57:50","modified_gmt":"2026-01-15T00:57:50","slug":"llaman-a-recolectores-de-basura-en-soledad-a-refrendar-sus-permisos","status":"publish","type":"post","link":"https:\/\/canal7slp.tv\/2026\/llaman-a-recolectores-de-basura-en-soledad-a-refrendar-sus-permisos\/","title":{"rendered":"Llaman a recolectores de basura en Soledad a refrendar sus permisos"},"content":{"rendered":"<p style=\"text-align: justify;\">SGS.- Al informar que actualmente se tiene un padr\u00f3n de 600 recolectores voluntarios en Soledad de Graciano S\u00e1nchez la titular de la direcci\u00f3n de Ecolog\u00eda, Yazm\u00edn Luna Barrios, se\u00f1al\u00f3 que de enero a marzo de este a\u00f1o ser\u00e1 el periodo en el que deber\u00e1n refrendar sus permisos ante el municipio.<\/p>\n<p style=\"text-align: justify;\">La funcionaria municipal destac\u00f3 la importancia del trabajo de los recolectores voluntarios en el apoyo para las tareas de recolecci\u00f3n, de todo tipo de residuos en la v\u00eda p\u00fablica.<\/p>\n<p style=\"text-align: justify;\">Asimismo, la directora de Ecolog\u00eda del municipio soledense dio a conocer que se implementaron recorridos de supervisi\u00f3n para eliminar los acumulamientos de todo tipo de residuos en la v\u00eda p\u00fablica.<\/p>\n<p style=\"text-align: justify;\">Coment\u00f3 que lamentablemente es una pr\u00e1ctica nociva que no se ha podido erradicar al decir que hay personas que siguen con la mala costumbre de arrojar a la calle todo tipo de desechos, aun cuando est\u00e1 estrictamente prohibido.<\/p>\n<p>Por: Claudio Ibarra<\/p>\n","protected":false},"excerpt":{"rendered":"<p>SGS.- Al informar que actualmente se tiene un padr\u00f3n de 600 recolectores voluntarios en Soledad de Graciano S\u00e1nchez la titular de la direcci\u00f3n de Ecolog\u00eda, Yazm\u00edn Luna Barrios, se\u00f1al\u00f3 que de enero a marzo de este a\u00f1o ser\u00e1 el periodo en el que deber\u00e1n refrendar sus permisos ante el municipio. La funcionaria municipal destac\u00f3 la importancia del trabajo de los recolectores voluntarios en el apoyo para las tareas de recolecci\u00f3n, de todo tipo de residuos en la v\u00eda p\u00fablica. Asimismo, la directora de Ecolog\u00eda del municipio soledense dio a conocer que se implementaron recorridos de supervisi\u00f3n para eliminar los acumulamientos [&hellip;]<\/p>\n","protected":false},"author":2,"featured_media":190509,"comment_status":"closed","ping_status":"closed","sticky":false,"template":"","format":"video","meta":{"_monsterinsights_skip_tracking":false,"_monsterinsights_sitenote_active":false,"_monsterinsights_sitenote_note":"","_monsterinsights_sitenote_category":0,"footnotes":""},"categories":[512,5,45],"tags":[],"class_list":["post-190485","post","type-post","status-publish","format-video","has-post-thumbnail","hentry","category-ayosgs","category-destacadas","category-localesyregionales","post_format-post-format-video","post--single"],"_links":{"self":[{"href":"https:\/\/canal7slp.tv\/2026\/wp-json\/wp\/v2\/posts\/190485","targetHints":{"allow":["GET"]}}],"collection":[{"href":"https:\/\/canal7slp.tv\/2026\/wp-json\/wp\/v2\/posts"}],"about":[{"href":"https:\/\/canal7slp.tv\/2026\/wp-json\/wp\/v2\/types\/post"}],"author":[{"embeddable":true,"href":"https:\/\/canal7slp.tv\/2026\/wp-json\/wp\/v2\/users\/2"}],"replies":[{"embeddable":true,"href":"https:\/\/canal7slp.tv\/2026\/wp-json\/wp\/v2\/comments?post=190485"}],"version-history":[{"count":3,"href":"https:\/\/canal7slp.tv\/2026\/wp-json\/wp\/v2\/posts\/190485\/revisions"}],"predecessor-version":[{"id":190510,"href":"https:\/\/canal7slp.tv\/2026\/wp-json\/wp\/v2\/posts\/190485\/revisions\/190510"}],"wp:featuredmedia":[{"embeddable":true,"href":"https:\/\/canal7slp.tv\/2026\/wp-json\/wp\/v2\/media\/190509"}],"wp:attachment":[{"href":"https:\/\/canal7slp.tv\/2026\/wp-json\/wp\/v2\/media?parent=190485"}],"wp:term":[{"taxonomy":"category","embeddable":true,"href":"https:\/\/canal7slp.tv\/2026\/wp-json\/wp\/v2\/categories?post=190485"},{"taxonomy":"post_tag","embeddable":true,"href":"https:\/\/canal7slp.tv\/2026\/wp-json\/wp\/v2\/tags?post=190485"}],"curies":[{"name":"wp","href":"https:\/\/api.w.org\/{rel}","templated":true}]}}