{"id":190475,"date":"2026-01-14T23:00:31","date_gmt":"2026-01-15T05:00:31","guid":{"rendered":"https:\/\/canal7slp.tv\/2026\/?p=190475"},"modified":"2026-01-14T19:51:46","modified_gmt":"2026-01-15T01:51:46","slug":"noticias-del-mundo-14-enero-2026","status":"publish","type":"post","link":"https:\/\/canal7slp.tv\/2026\/noticias-del-mundo-14-enero-2026\/","title":{"rendered":"Noticias del Mundo 14\/Enero\/2026"},"content":{"rendered":"<p style=\"text-align: justify;\">L\u00edderes de Jap\u00f3n y Corea del Sur tocaron la bater\u00eda al ritmo del K-Pop en se\u00f1al de avance en relaciones bilaterales, esto despu\u00e9s de la cumbre que sostuvieron en la ciudad japonesa de Nara.<\/p>\n<p style=\"text-align: justify;\">La primera ministra de Jap\u00f3n, Sanae Takaichi, y el presidente de Corea del Sur, Lee Jae Myung aparecieron en un video, vestidos con chaquetas deportivas personalizadas y donde tocaron la bater\u00eda al ritmo de \u00e9xitos como Dynamite de BTS, y Golden de Kpop Demon Hunters, el clip fue publicado por el equipo de comunicaci\u00f3n social de la funcionaria japonesa.<\/p>\n<p style=\"text-align: justify;\"><!--more--><\/p>\n<p style=\"text-align: justify;\">Claudette Colvin, activista e impulsora de los derechos civiles, falleci\u00f3 de causas naturales a la edad de 86 a\u00f1os en Texas, Estados Unidos.<\/p>\n<p style=\"text-align: justify;\">En el a\u00f1o de 1955, a los 15 a\u00f1os de edad, Claudette Colvin fue reportada por un conductor de autob\u00fas quien llam\u00f3 a la polic\u00eda para quejarse de que dos ni\u00f1as negras estaban sentadas cerca de dos ni\u00f1as blancas, violando las leyes de segregaci\u00f3n, Colvin no se cambi\u00f3 de asiento y fue arrestada.<\/p>\n<p style=\"text-align: justify;\"><!--more--><\/p>\n<p style=\"text-align: justify;\">Donald Trump presidente de los Estados Unidos de Am\u00e9rica, ofendi\u00f3 y maldijo verbalmente a trabajador de una f\u00e1brica de ensamblado automotriz en el estado de Michigan, esto durante recorrido de visita; la Casa Blanca emiti\u00f3 un bolet\u00edn en el que defendieron el acto del mandatario estadounidense.<\/p>\n<p style=\"text-align: justify;\">En rede sociales circul\u00f3 un video en el que TJ Sabula de 40 a\u00f1os de edad, grit\u00f3 desde su lugar de trabajo \u201cprotector de ped\u00f3filos\u201d por el caso en relaci\u00f3n a Jeffrey Epstein y lo involucrado que estar\u00eda Trump, el republicano contesto con un \u201cque te jodan\u201d.<\/p>\n<p style=\"text-align: justify;\"><!--more--><\/p>\n<p style=\"text-align: justify;\">Gobierno de Venezuela ha comenzado a liberar personas privadas de su libertad despu\u00e9s del apresamiento del expresidente, Nicol\u00e1s Maduro por parte del Gobierno de los Estados Unidos, sin embargo, no hay cifras claras de cu\u00e1ntos ciudadanos salieron de prisi\u00f3n.<\/p>\n<p style=\"text-align: justify;\">Organizaciones no gubernamentales, partidos de oposici\u00f3n y abogados, aseguraron que la cantidad de ciudadanos excarcelados no se conoce de manera exacta y destacaron que la liberaci\u00f3n no es total ya que aun hay procesos en contra de los se\u00f1alados.<\/p>\n<p style=\"text-align: justify;\"><!--more--><\/p>\n<p style=\"text-align: justify;\">Lista Mundial de Persecuci\u00f3n 2026 revel\u00f3 que alrededor de cinco mil cristianos han sido asesinados por profesar su fe durante los \u00faltimos 12 meses. Nigeria es el pa\u00eds que encabeza la lista con 3 mil 499 creyentes ultimados, y junto a Sud\u00e1n y Mali son los pa\u00edses en los que mayor violencia se genera contra grupos de cristianos.<\/p>\n<p style=\"text-align: justify;\">La asociaci\u00f3n Puertas Abiertas estim\u00f3 que la violencia contra cristianos no ha cesado en el mundo desde que comenz\u00f3 la Lista Mundial de Persecuci\u00f3n y que 388 millones de creyentes enfrentan discriminaci\u00f3n como lo es el cierre forzado de iglesias, vigilancia, censura, regulaciones restrictivas, matrimonio obligatorio y violencia sexual.<\/p>\n","protected":false},"excerpt":{"rendered":"<p>L\u00edderes de Jap\u00f3n y Corea del Sur tocaron la bater\u00eda al ritmo del K-Pop en se\u00f1al de avance en relaciones bilaterales, esto despu\u00e9s de la cumbre que sostuvieron en la ciudad japonesa de Nara. La primera ministra de Jap\u00f3n, Sanae Takaichi, y el presidente de Corea del Sur, Lee Jae Myung aparecieron en un video, vestidos con chaquetas deportivas personalizadas y donde tocaron la bater\u00eda al ritmo de \u00e9xitos como Dynamite de BTS, y Golden de Kpop Demon Hunters, el clip fue publicado por el equipo de comunicaci\u00f3n social de la funcionaria japonesa.<\/p>\n","protected":false},"author":2,"featured_media":190514,"comment_status":"closed","ping_status":"closed","sticky":false,"template":"","format":"video","meta":{"_monsterinsights_skip_tracking":false,"_monsterinsights_sitenote_active":false,"_monsterinsights_sitenote_note":"","_monsterinsights_sitenote_category":0,"footnotes":""},"categories":[5,44],"tags":[],"class_list":["post-190475","post","type-post","status-publish","format-video","has-post-thumbnail","hentry","category-destacadas","category-internacional","post_format-post-format-video","post--single"],"_links":{"self":[{"href":"https:\/\/canal7slp.tv\/2026\/wp-json\/wp\/v2\/posts\/190475","targetHints":{"allow":["GET"]}}],"collection":[{"href":"https:\/\/canal7slp.tv\/2026\/wp-json\/wp\/v2\/posts"}],"about":[{"href":"https:\/\/canal7slp.tv\/2026\/wp-json\/wp\/v2\/types\/post"}],"author":[{"embeddable":true,"href":"https:\/\/canal7slp.tv\/2026\/wp-json\/wp\/v2\/users\/2"}],"replies":[{"embeddable":true,"href":"https:\/\/canal7slp.tv\/2026\/wp-json\/wp\/v2\/comments?post=190475"}],"version-history":[{"count":1,"href":"https:\/\/canal7slp.tv\/2026\/wp-json\/wp\/v2\/posts\/190475\/revisions"}],"predecessor-version":[{"id":190477,"href":"https:\/\/canal7slp.tv\/2026\/wp-json\/wp\/v2\/posts\/190475\/revisions\/190477"}],"wp:featuredmedia":[{"embeddable":true,"href":"https:\/\/canal7slp.tv\/2026\/wp-json\/wp\/v2\/media\/190514"}],"wp:attachment":[{"href":"https:\/\/canal7slp.tv\/2026\/wp-json\/wp\/v2\/media?parent=190475"}],"wp:term":[{"taxonomy":"category","embeddable":true,"href":"https:\/\/canal7slp.tv\/2026\/wp-json\/wp\/v2\/categories?post=190475"},{"taxonomy":"post_tag","embeddable":true,"href":"https:\/\/canal7slp.tv\/2026\/wp-json\/wp\/v2\/tags?post=190475"}],"curies":[{"name":"wp","href":"https:\/\/api.w.org\/{rel}","templated":true}]}}