{"id":190456,"date":"2026-01-14T14:49:23","date_gmt":"2026-01-14T20:49:23","guid":{"rendered":"https:\/\/canal7slp.tv\/2026\/?p=190456"},"modified":"2026-01-14T14:49:23","modified_gmt":"2026-01-14T20:49:23","slug":"ordenan-evacuacion-parcial-de-base-militar-de-eu-en-qatar","status":"publish","type":"post","link":"https:\/\/canal7slp.tv\/2026\/ordenan-evacuacion-parcial-de-base-militar-de-eu-en-qatar\/","title":{"rendered":"Ordenan evacuaci\u00f3n parcial de base militar de EU en Qatar"},"content":{"rendered":"<p style=\"text-align: justify;\">Qatar.- Parte del personal que labora en una base militar estadounidense en Qatar recibi\u00f3 este mi\u00e9rcoles \u00f3rdenes de evacuaci\u00f3n, seg\u00fan inform\u00f3 un funcionario del gobierno de Estados Unidos. La medida fue adoptada tras las declaraciones de un alto funcionario iran\u00ed, quien advirti\u00f3 sobre posibles ataques contra instalaciones militares estadounidenses en la regi\u00f3n en caso de que Ir\u00e1n sea objeto de una agresi\u00f3n.<\/p>\n<p style=\"text-align: justify;\">El funcionario estadounidense, que solicit\u00f3 mantener el anonimato debido a la sensibilidad del tema, se\u00f1al\u00f3 que la decisi\u00f3n tiene un car\u00e1cter preventivo. Sin embargo, no ofreci\u00f3 detalles sobre si la evacuaci\u00f3n es obligatoria u opcional, ni precis\u00f3 si afecta a personal militar o civil, o cu\u00e1ntas personas est\u00e1n involucradas, argumentando razones de seguridad operativa.<\/p>\n<p style=\"text-align: justify;\">Por su parte, el gobierno de Qatar confirm\u00f3 que las acciones de evacuaci\u00f3n se est\u00e1n implementando como respuesta a las \u201ctensiones regionales actuales\u201d. A trav\u00e9s de un comunicado, la oficina de prensa catar\u00ed destac\u00f3 su compromiso de garantizar la seguridad de ciudadanos y residentes, as\u00ed como de proteger infraestructuras cr\u00edticas e instalaciones militares dentro de su territorio.<\/p>\n<p style=\"text-align: justify;\">Este acontecimiento ocurre en un contexto de creciente inestabilidad en Medio Oriente, marcado por protestas antigubernamentales en Ir\u00e1n y por declaraciones del presidente estadounidense Donald Trump, quien ha manifestado que no descarta la posibilidad de acciones militares contra el pa\u00eds para apoyar a los manifestantes.<\/p>\n<p style=\"text-align: justify;\">La base militar en cuesti\u00f3n, que alberga a miles de soldados estadounidenses y es considerada un punto estrat\u00e9gico clave en la regi\u00f3n, ya hab\u00eda sido blanco de ataques iran\u00edes en junio pasado, como represalia por operaciones estadounidenses contra instalaciones nucleares iran\u00edes.<\/p>\n<p style=\"text-align: justify;\">En medio de este clima de tensi\u00f3n, Ali Shamkhani, asesor del l\u00edder supremo de Ir\u00e1n, el ayatol\u00e1 Al\u00ed Jamenei, public\u00f3 un mensaje en la red social X en el que se\u00f1al\u00f3 que, si Estados Unidos contempla atacar instalaciones nucleares iran\u00edes, tambi\u00e9n deber\u00eda considerar la posible destrucci\u00f3n de la base estadounidense de Al-Udeid mediante misiles iran\u00edes.<\/p>\n","protected":false},"excerpt":{"rendered":"<p>Qatar.- Parte del personal que labora en una base militar estadounidense en Qatar recibi\u00f3 este mi\u00e9rcoles \u00f3rdenes de evacuaci\u00f3n, seg\u00fan inform\u00f3 un funcionario del gobierno de Estados Unidos. La medida fue adoptada tras las declaraciones de un alto funcionario iran\u00ed, quien advirti\u00f3 sobre posibles ataques contra instalaciones militares estadounidenses en la regi\u00f3n en caso de que Ir\u00e1n sea objeto de una agresi\u00f3n. El funcionario estadounidense, que solicit\u00f3 mantener el anonimato debido a la sensibilidad del tema, se\u00f1al\u00f3 que la decisi\u00f3n tiene un car\u00e1cter preventivo. Sin embargo, no ofreci\u00f3 detalles sobre si la evacuaci\u00f3n es obligatoria u opcional, ni precis\u00f3 si [&hellip;]<\/p>\n","protected":false},"author":2,"featured_media":190457,"comment_status":"closed","ping_status":"closed","sticky":false,"template":"","format":"standard","meta":{"_monsterinsights_skip_tracking":false,"_monsterinsights_sitenote_active":false,"_monsterinsights_sitenote_note":"","_monsterinsights_sitenote_category":0,"footnotes":""},"categories":[44],"tags":[],"class_list":["post-190456","post","type-post","status-publish","format-standard","has-post-thumbnail","hentry","category-internacional","post--single"],"_links":{"self":[{"href":"https:\/\/canal7slp.tv\/2026\/wp-json\/wp\/v2\/posts\/190456","targetHints":{"allow":["GET"]}}],"collection":[{"href":"https:\/\/canal7slp.tv\/2026\/wp-json\/wp\/v2\/posts"}],"about":[{"href":"https:\/\/canal7slp.tv\/2026\/wp-json\/wp\/v2\/types\/post"}],"author":[{"embeddable":true,"href":"https:\/\/canal7slp.tv\/2026\/wp-json\/wp\/v2\/users\/2"}],"replies":[{"embeddable":true,"href":"https:\/\/canal7slp.tv\/2026\/wp-json\/wp\/v2\/comments?post=190456"}],"version-history":[{"count":1,"href":"https:\/\/canal7slp.tv\/2026\/wp-json\/wp\/v2\/posts\/190456\/revisions"}],"predecessor-version":[{"id":190458,"href":"https:\/\/canal7slp.tv\/2026\/wp-json\/wp\/v2\/posts\/190456\/revisions\/190458"}],"wp:featuredmedia":[{"embeddable":true,"href":"https:\/\/canal7slp.tv\/2026\/wp-json\/wp\/v2\/media\/190457"}],"wp:attachment":[{"href":"https:\/\/canal7slp.tv\/2026\/wp-json\/wp\/v2\/media?parent=190456"}],"wp:term":[{"taxonomy":"category","embeddable":true,"href":"https:\/\/canal7slp.tv\/2026\/wp-json\/wp\/v2\/categories?post=190456"},{"taxonomy":"post_tag","embeddable":true,"href":"https:\/\/canal7slp.tv\/2026\/wp-json\/wp\/v2\/tags?post=190456"}],"curies":[{"name":"wp","href":"https:\/\/api.w.org\/{rel}","templated":true}]}}