{"id":190453,"date":"2026-01-14T14:43:24","date_gmt":"2026-01-14T20:43:24","guid":{"rendered":"https:\/\/canal7slp.tv\/2026\/?p=190453"},"modified":"2026-01-14T14:43:24","modified_gmt":"2026-01-14T20:43:24","slug":"fiscalia-de-sonora-imputa-a-empresa-por-incendio-que-dejo-24-muertos","status":"publish","type":"post","link":"https:\/\/canal7slp.tv\/2026\/fiscalia-de-sonora-imputa-a-empresa-por-incendio-que-dejo-24-muertos\/","title":{"rendered":"Fiscal\u00eda de Sonora imputa a empresa por incendio que dej\u00f3 24 muertos"},"content":{"rendered":"<p style=\"text-align: justify;\">Sonora.- La Fiscal\u00eda General de Justicia del Estado de Sonora inform\u00f3 que ha imputado diversos delitos a la empresa Waldo\u2019s, tras las investigaciones relacionadas con el incendio ocurrido en noviembre pasado en Hermosillo, que dej\u00f3 un saldo de 24 personas fallecidas y 14 lesionadas.<\/p>\n<p style=\"text-align: justify;\">De acuerdo con la dependencia, Waldo\u2019s es se\u00f1alada como presunta responsable, junto con otros ocho imputados, del delito de homicidio culposo. Tambi\u00e9n enfrenta cargos por lesiones y abortos, ya que entre las personas heridas se encontraban al menos dos mujeres embarazadas que perdieron el producto como consecuencia del siniestro.<\/p>\n<p style=\"text-align: justify;\">Durante la audiencia correspondiente, el juez determin\u00f3 que los acusados podr\u00e1n enfrentar su proceso en libertad, al considerar que cuentan con arraigo y que no existe riesgo de que interfieran en la investigaci\u00f3n. No obstante, en el caso de Waldo\u2019s, la Fiscal\u00eda imput\u00f3 a su representante legal, identificado como Jos\u00e9 Luis \u201cN\u201d, por el presunto uso de documentos falsos para la obtenci\u00f3n de permisos, lo que constituye un incumplimiento de su deber legal.<\/p>\n<p style=\"text-align: justify;\">A diferencia del resto de los imputados, el juez orden\u00f3 prisi\u00f3n preventiva para el representante de la empresa. Sin embargo, dicha medida no ha podido ejecutarse debido a una suspensi\u00f3n provisional otorgada mediante un amparo.<\/p>\n<p style=\"text-align: justify;\">El Ministerio P\u00fablico anunci\u00f3 que impugnar\u00e1 esta resoluci\u00f3n con el objetivo de que el directivo de Waldo\u2019s enfrente su juicio privado de la libertad. La Fiscal\u00eda de Sonora asegur\u00f3 que continuar\u00e1 realizando las acciones legales necesarias para llevar ante los tribunales tanto a quienes cuentan con amparos como a aquellos que han evadido la justicia, a fin de que respondan ante las v\u00edctimas.<\/p>\n<p style=\"text-align: justify;\">Ser\u00e1 el pr\u00f3ximo 19 de enero cuando el juez determine si existen elementos suficientes para ordenar la apertura de juicio contra los imputados. Desde el inicio de las investigaciones, familiares de las v\u00edctimas y sobrevivientes han exigido justicia, manifestando su preocupaci\u00f3n por la posibilidad de que se repitan tragedias similares, ya que aseguran que varios inmuebles cercanos carecen de planes adecuados de mantenimiento y seguridad.<\/p>\n<p style=\"text-align: justify;\">Los afectados sostienen que la responsabilidad del incendio recae tanto en la empresa como en las autoridades y en el personal encargado del sistema el\u00e9ctrico, se\u00f1alando incluso presuntas omisiones por parte de la Comisi\u00f3n Federal de Electricidad (CFE).<\/p>\n<p style=\"text-align: justify;\">El siniestro ocurri\u00f3 el 1 de noviembre, luego de varios apagones registrados en el barrio Centro de Hermosillo. Seg\u00fan las investigaciones, un transformador de energ\u00eda explot\u00f3 en la tienda Waldo\u2019s, que en ese momento se encontraba llena de clientes debido a la quincena y a las compras por las festividades del D\u00eda de Muertos.<\/p>\n<p style=\"text-align: justify;\">Las indagatorias contin\u00faan y, hasta el momento, las autoridades han descartado que el incendio haya sido provocado de manera intencional.<\/p>\n","protected":false},"excerpt":{"rendered":"<p>Sonora.- La Fiscal\u00eda General de Justicia del Estado de Sonora inform\u00f3 que ha imputado diversos delitos a la empresa Waldo\u2019s, tras las investigaciones relacionadas con el incendio ocurrido en noviembre pasado en Hermosillo, que dej\u00f3 un saldo de 24 personas fallecidas y 14 lesionadas. De acuerdo con la dependencia, Waldo\u2019s es se\u00f1alada como presunta responsable, junto con otros ocho imputados, del delito de homicidio culposo. Tambi\u00e9n enfrenta cargos por lesiones y abortos, ya que entre las personas heridas se encontraban al menos dos mujeres embarazadas que perdieron el producto como consecuencia del siniestro. Durante la audiencia correspondiente, el juez determin\u00f3 [&hellip;]<\/p>\n","protected":false},"author":2,"featured_media":190454,"comment_status":"closed","ping_status":"closed","sticky":false,"template":"","format":"standard","meta":{"_monsterinsights_skip_tracking":false,"_monsterinsights_sitenote_active":false,"_monsterinsights_sitenote_note":"","_monsterinsights_sitenote_category":0,"footnotes":""},"categories":[46],"tags":[],"class_list":["post-190453","post","type-post","status-publish","format-standard","has-post-thumbnail","hentry","category-nacional","post--single"],"_links":{"self":[{"href":"https:\/\/canal7slp.tv\/2026\/wp-json\/wp\/v2\/posts\/190453","targetHints":{"allow":["GET"]}}],"collection":[{"href":"https:\/\/canal7slp.tv\/2026\/wp-json\/wp\/v2\/posts"}],"about":[{"href":"https:\/\/canal7slp.tv\/2026\/wp-json\/wp\/v2\/types\/post"}],"author":[{"embeddable":true,"href":"https:\/\/canal7slp.tv\/2026\/wp-json\/wp\/v2\/users\/2"}],"replies":[{"embeddable":true,"href":"https:\/\/canal7slp.tv\/2026\/wp-json\/wp\/v2\/comments?post=190453"}],"version-history":[{"count":1,"href":"https:\/\/canal7slp.tv\/2026\/wp-json\/wp\/v2\/posts\/190453\/revisions"}],"predecessor-version":[{"id":190455,"href":"https:\/\/canal7slp.tv\/2026\/wp-json\/wp\/v2\/posts\/190453\/revisions\/190455"}],"wp:featuredmedia":[{"embeddable":true,"href":"https:\/\/canal7slp.tv\/2026\/wp-json\/wp\/v2\/media\/190454"}],"wp:attachment":[{"href":"https:\/\/canal7slp.tv\/2026\/wp-json\/wp\/v2\/media?parent=190453"}],"wp:term":[{"taxonomy":"category","embeddable":true,"href":"https:\/\/canal7slp.tv\/2026\/wp-json\/wp\/v2\/categories?post=190453"},{"taxonomy":"post_tag","embeddable":true,"href":"https:\/\/canal7slp.tv\/2026\/wp-json\/wp\/v2\/tags?post=190453"}],"curies":[{"name":"wp","href":"https:\/\/api.w.org\/{rel}","templated":true}]}}