{"id":190378,"date":"2026-01-13T19:33:15","date_gmt":"2026-01-14T01:33:15","guid":{"rendered":"https:\/\/canal7slp.tv\/2026\/?p=190378"},"modified":"2026-01-13T19:33:15","modified_gmt":"2026-01-14T01:33:15","slug":"arturo-jaimes-nunez-es-nombrado-encargado-de-despacho-del-interapas","status":"publish","type":"post","link":"https:\/\/canal7slp.tv\/2026\/arturo-jaimes-nunez-es-nombrado-encargado-de-despacho-del-interapas\/","title":{"rendered":"Arturo Jaimes N\u00fa\u00f1ez es nombrado encargado de despacho del Interapas"},"content":{"rendered":"<p style=\"text-align: justify;\"><span style=\"font-size: 1.21429rem;\">SLP.- En el marco de la reuni\u00f3n de los integrantes de la Junta de Gobierno del INTERAPAS, Arturo Jaimes N\u00fa\u00f1ez fue designado como encargado de despacho del organismo operador del agua.<\/span><\/p>\n<p style=\"text-align: justify;\">Lo anterior tras la renuncia que por motivos de salud present\u00f3 Jorge Daniel Hern\u00e1ndez Delgadillo, el pasado 4 de Enero.<\/p>\n<p style=\"text-align: justify;\">Cabe se\u00f1alar que Jaimez N\u00fa\u00f1ez fungir\u00e1 como el cuarto director de este organismo desde que Enrique Galindo ceballos asumi\u00f3 como presidente municipal capitalino, en su primer periodo en el 2021.<\/p>\n<p style=\"text-align: justify;\">Anteriormente, se desempe\u00f1aba como director de Administraci\u00f3n y Finanzas antes de su nueva encomienda.<\/p>\n<p>Por: Claudio Ibarra<\/p>\n","protected":false},"excerpt":{"rendered":"<p>SLP.- En el marco de la reuni\u00f3n de los integrantes de la Junta de Gobierno del INTERAPAS, Arturo Jaimes N\u00fa\u00f1ez fue designado como encargado de despacho del organismo operador del agua. Lo anterior tras la renuncia que por motivos de salud present\u00f3 Jorge Daniel Hern\u00e1ndez Delgadillo, el pasado 4 de Enero. Cabe se\u00f1alar que Jaimez N\u00fa\u00f1ez fungir\u00e1 como el cuarto director de este organismo desde que Enrique Galindo ceballos asumi\u00f3 como presidente municipal capitalino, en su primer periodo en el 2021. Anteriormente, se desempe\u00f1aba como director de Administraci\u00f3n y Finanzas antes de su nueva encomienda. Por: Claudio Ibarra<\/p>\n","protected":false},"author":2,"featured_media":190399,"comment_status":"closed","ping_status":"closed","sticky":false,"template":"","format":"video","meta":{"_monsterinsights_skip_tracking":false,"_monsterinsights_sitenote_active":false,"_monsterinsights_sitenote_note":"","_monsterinsights_sitenote_category":0,"footnotes":""},"categories":[5,45],"tags":[],"class_list":["post-190378","post","type-post","status-publish","format-video","has-post-thumbnail","hentry","category-destacadas","category-localesyregionales","post_format-post-format-video","post--single"],"_links":{"self":[{"href":"https:\/\/canal7slp.tv\/2026\/wp-json\/wp\/v2\/posts\/190378","targetHints":{"allow":["GET"]}}],"collection":[{"href":"https:\/\/canal7slp.tv\/2026\/wp-json\/wp\/v2\/posts"}],"about":[{"href":"https:\/\/canal7slp.tv\/2026\/wp-json\/wp\/v2\/types\/post"}],"author":[{"embeddable":true,"href":"https:\/\/canal7slp.tv\/2026\/wp-json\/wp\/v2\/users\/2"}],"replies":[{"embeddable":true,"href":"https:\/\/canal7slp.tv\/2026\/wp-json\/wp\/v2\/comments?post=190378"}],"version-history":[{"count":3,"href":"https:\/\/canal7slp.tv\/2026\/wp-json\/wp\/v2\/posts\/190378\/revisions"}],"predecessor-version":[{"id":190402,"href":"https:\/\/canal7slp.tv\/2026\/wp-json\/wp\/v2\/posts\/190378\/revisions\/190402"}],"wp:featuredmedia":[{"embeddable":true,"href":"https:\/\/canal7slp.tv\/2026\/wp-json\/wp\/v2\/media\/190399"}],"wp:attachment":[{"href":"https:\/\/canal7slp.tv\/2026\/wp-json\/wp\/v2\/media?parent=190378"}],"wp:term":[{"taxonomy":"category","embeddable":true,"href":"https:\/\/canal7slp.tv\/2026\/wp-json\/wp\/v2\/categories?post=190378"},{"taxonomy":"post_tag","embeddable":true,"href":"https:\/\/canal7slp.tv\/2026\/wp-json\/wp\/v2\/tags?post=190378"}],"curies":[{"name":"wp","href":"https:\/\/api.w.org\/{rel}","templated":true}]}}